{"id":255,"date":"2012-10-04T13:39:35","date_gmt":"2012-10-04T11:39:35","guid":{"rendered":"https:\/\/www.somospacientes.com\/crl-nueva-vida\/?p=255"},"modified":"2013-02-14T10:50:00","modified_gmt":"2013-02-14T09:50:00","slug":"hay-muchas-formas-de-ser-discapacitado-la-unica-peligrosa-es-la-de-no-tener-corazon","status":"publish","type":"post","link":"https:\/\/www.somospacientes.com\/crl-nueva-vida\/noticias\/sin-categoria\/hay-muchas-formas-de-ser-discapacitado-la-unica-peligrosa-es-la-de-no-tener-corazon\/","title":{"rendered":"Hay muchas formas de ser discapacitado, la \u00fanica peligrosa es la de no tener coraz\u00f3n"},"content":{"rendered":"<p>El post de hoy quiz\u00e1s se aleje un poco de la tem\u00e1tica que suelo llevar, sin embargo me veo en la necesidad de mostrar un poco de m\u00ed a todos aquellos que tanto me est\u00e1is aportando desde que inicie el blog.<\/p>\n<p>Hace unos a\u00f1os tuve el placer de realizar una acci\u00f3n formativa en relaci\u00f3n a Procesos de selecci\u00f3n para la integraci\u00f3n laboral de personas con discapacidad.\u00a0 Mi inquietud en relaci\u00f3n a este tema, fue debida a la situaci\u00f3n que por aquel entonces estaba viviendo mi hermano menor. Con tan s\u00f3lo 18 a\u00f1os sufri\u00f3 un grave accidente de tr\u00e1fico que le costo casi la vida; sin embargo, el destino decidi\u00f3 que no era el momento de dejarnos. Tras recuperarse f\u00edsicamente, le quedaron secuelas que aunque le permiten trabajar y realizar las funciones de determinados puestos de trabajo, al parecer suponen un impedimento para muchas empresas de este pa\u00eds.<\/p>\n<blockquote><p>\u201c<strong>Hay muchas formas de ser discapacitado, la \u00fanica peligrosa es la de no tener coraz\u00f3n<\/strong>\u201c.<\/p><\/blockquote>\n<p>Si el mercado laboral est\u00e1 dif\u00edcil actualmente para la mayor\u00eda de espa\u00f1oles, imaginar lo que supone para cualquier discapacitado en este momento.<\/p>\n<p>Quiero aportar mi granito de arena, compartiendo con todos vosotros la fant\u00e1stica campa\u00f1a de sensibilizaci\u00f3n que est\u00e1 realizando el <a href=\"http:\/\/crl.sie.es\/\" target=\"_blank\">Centro de Rehabilitaci\u00f3n Laboral Nueva Vida<\/a> de Madrid, un centro de atenci\u00f3n social para personas con enfermedades mentales cr\u00f3nicas.\u00a0 El pasado mes de septiembre iniciaron en redes sociales la campa\u00f1a \u201c<a href=\"http:\/\/www.facebook.com\/contraelestigma\" target=\"_blank\">YO TAMBI\u00c9N ESTOY CONTRA EL ESTIGMA<\/a>\u201d <em>,<\/em> y que forma parte del <a href=\"http:\/\/www.proyectochamberlin.org\/\" target=\"_blank\">proyecto Chamberlin<\/a>, donde intentan:<\/p>\n<ul>\n<li>Contribuir a la eliminaci\u00f3n de ideas err\u00f3neas acerca de las enfermedades mentales.<\/li>\n<li>Promover en la poblaci\u00f3n joven los valores \u00e9ticos que propicien la eliminaci\u00f3n de actitudes insolidarias y estigmatizadoras hacia las personas afectadas por este tipo de trastornos.<\/li>\n<li>Propiciar y apoyar la inserci\u00f3n laboral a personas afectadas por estas enfermedades, mediante f\u00f3rmulas de empleo protegido, f\u00f3rmulas de autoempleo o en el mercado laboral ordinario.<\/li>\n<\/ul>\n<p><a href=\"http:\/\/www.facebook.com\/contraelestigma\"><img loading=\"lazy\" decoding=\"async\" src=\"http:\/\/jesusvictorcandel.files.wordpress.com\/2012\/10\/yo-tambic3a9n-estoy-contra-el-estigma.jpg?w=500&amp;h=400\" alt=\"\" width=\"500\" height=\"400\" \/><\/a><br \/>\nMe gustar\u00eda que el mensaje de este post llegara a todos esos directores de Recursos Humanos que pueden concienciar realmente a qui\u00e9n debe hacer algo para mejorar la situaci\u00f3n laboral de todas estas personas, EL EMPRESARIO; est\u00e1 en vuestras manos aumentar las oportunidades de inserci\u00f3n laboral normalizada de personas con cualquier tipo de discapacidad.<\/p>\n<p>Yo tambi\u00e9n estoy contra el estigma, \u00bfy t\u00fa?<\/p>\n<p>V\u00edctor Candel.<\/p>\n<p>Blog V\u00edctor Candel.<\/p>\n<p><a href=\"http:\/\/jesusvictorcandel.wordpress.com\/2012\/10\/04\/hay-muchas-formas-de-ser-discapacitado-la-unica-peligrosa-es-la-de-no-tener-corazon\/\">http:\/\/jesusvictorcandel.wordpress.com\/2012\/10\/04\/hay-muchas-formas-de-ser-discapacitado-la-unica-peligrosa-es-la-de-no-tener-corazon\/<\/a><\/p>\n","protected":false},"excerpt":{"rendered":"<p>El post de hoy quiz\u00e1s se aleje un poco de la tem\u00e1tica que suelo llevar, sin embargo me veo en la necesidad de mostrar un poco de m\u00ed a todos aquellos que tanto me est\u00e1is aportando desde que inicie el blog. Hace unos a\u00f1os tuve el placer de realizar una acci\u00f3n formativa en relaci\u00f3n a [&hellip;]<\/p>\n","protected":false},"author":174,"featured_media":0,"comment_status":"open","ping_status":"open","sticky":false,"template":"","format":"standard","meta":{"_acf_changed":false,"footnotes":""},"categories":[1],"tags":[2371,2370,2034],"be_disease":[],"be_general":[],"be_media_type":[],"class_list":["post-255","post","type-post","status-publish","format-standard","hentry","category-sin-categoria","tag-chamberlin09","tag-jecanpa","tag-www-proyectochamberlin-org"],"acf":[],"_links":{"self":[{"href":"https:\/\/www.somospacientes.com\/crl-nueva-vida\/wp-json\/wp\/v2\/posts\/255","targetHints":{"allow":["GET"]}}],"collection":[{"href":"https:\/\/www.somospacientes.com\/crl-nueva-vida\/wp-json\/wp\/v2\/posts"}],"about":[{"href":"https:\/\/www.somospacientes.com\/crl-nueva-vida\/wp-json\/wp\/v2\/types\/post"}],"author":[{"embeddable":true,"href":"https:\/\/www.somospacientes.com\/crl-nueva-vida\/wp-json\/wp\/v2\/users\/174"}],"replies":[{"embeddable":true,"href":"https:\/\/www.somospacientes.com\/crl-nueva-vida\/wp-json\/wp\/v2\/comments?post=255"}],"version-history":[{"count":4,"href":"https:\/\/www.somospacientes.com\/crl-nueva-vida\/wp-json\/wp\/v2\/posts\/255\/revisions"}],"predecessor-version":[{"id":956,"href":"https:\/\/www.somospacientes.com\/crl-nueva-vida\/wp-json\/wp\/v2\/posts\/255\/revisions\/956"}],"wp:attachment":[{"href":"https:\/\/www.somospacientes.com\/crl-nueva-vida\/wp-json\/wp\/v2\/media?parent=255"}],"wp:term":[{"taxonomy":"category","embeddable":true,"href":"https:\/\/www.somospacientes.com\/crl-nueva-vida\/wp-json\/wp\/v2\/categories?post=255"},{"taxonomy":"post_tag","embeddable":true,"href":"https:\/\/www.somospacientes.com\/crl-nueva-vida\/wp-json\/wp\/v2\/tags?post=255"},{"taxonomy":"be_disease","embeddable":true,"href":"https:\/\/www.somospacientes.com\/crl-nueva-vida\/wp-json\/wp\/v2\/be_disease?post=255"},{"taxonomy":"be_general","embeddable":true,"href":"https:\/\/www.somospacientes.com\/crl-nueva-vida\/wp-json\/wp\/v2\/be_general?post=255"},{"taxonomy":"be_media_type","embeddable":true,"href":"https:\/\/www.somospacientes.com\/crl-nueva-vida\/wp-json\/wp\/v2\/be_media_type?post=255"}],"curies":[{"name":"wp","href":"https:\/\/api.w.org\/{rel}","templated":true}]}}