{"id":257,"date":"2012-10-11T13:51:18","date_gmt":"2012-10-11T11:51:18","guid":{"rendered":"https:\/\/www.somospacientes.com\/crl-nueva-vida\/?p=257"},"modified":"2014-06-30T13:21:35","modified_gmt":"2014-06-30T11:21:35","slug":"yo-tambien-estoy-contra-el-estigma-en-las-jornadas-estigma-de-las-personas-con-enfermedad-mental-y-medios-de-comunicacion","status":"publish","type":"post","link":"https:\/\/www.somospacientes.com\/crl-nueva-vida\/noticias\/entrevistas\/yo-tambien-estoy-contra-el-estigma-en-las-jornadas-estigma-de-las-personas-con-enfermedad-mental-y-medios-de-comunicacion\/","title":{"rendered":"YO TAMBI\u00c9N ESTOY CONTRA EL ESTIGMA en las Jornadas \u00abEstigma de las personas con enfermedad mental y medios de comunicacion\u00bb"},"content":{"rendered":"<p>Dentro de los actos programados con motivo del D\u00eda de la Salud Mental\u00a0 se ha celebrado en la Agencia La\u00edn Entralgo de\u00a0 Madrid, la Primera Edici\u00f3n de las Jornadas \u00abEstigma de las personas con enfermedad mental y los medios de comunicaci\u00f3n\u00bb,\u00a0 organizadas por la Oficina Regional de Coordinaci\u00f3n de Salud Mental, la Direcci\u00f3n General de Servicios Sociales y la Fundaci\u00f3n Manantial.<\/p>\n<p>El objetivo primordial de estas jornadas es luchar contra el estigma y la discriminaci\u00f3n de las personas afectadas por enfermedades mentales.<\/p>\n<p>El Centro de Rehabilitaci\u00f3n Laboral \u00abNueva Vida\u00bb,\u00a0 Asociaci\u00f3n Psiquiatr\u00eda y Vida, ha participado en la mesa de debate\u00a0 \u00abExperiencias desde la Red de Atenci\u00f3n Social, Atenci\u00f3n a la Salud Mental y movimiento asociativo\u00bb, moderada por Abelardo Rodr\u00edguez, Coordinador T\u00e9cnico de la Red\u00a0 P\u00fablica de Atenci\u00f3n Social a Personas con Enfermedad Mental Grave y Duradera, donde Jos\u00e9 Augusto Colis, Codirector del CRL y Coordinador del Proyecto Chamberlin, ha presentado un avance de su nueva campa\u00f1a \u00abYO TAMBIEN ESTOY CONTRA EL ESTIGMA\u00bb.<\/p>\n<p><strong>Intervenci\u00f3n de Jos\u00e9 Augusto Colis, Codirector del Centro de Rehabilitaci\u00f3n Laboral \u00abNueva Vida\u00bb<\/strong><a href=\"https:\/\/www.somospacientes.com\/crl-nueva-vida\/files\/2012\/10\/colis_lainentralgo1.jpg\"><img loading=\"lazy\" decoding=\"async\" class=\"alignleft size-medium wp-image-265\" src=\"https:\/\/www.somospacientes.com\/crl-nueva-vida\/files\/2012\/10\/colis_lainentralgo1-224x300.jpg\" alt=\"\" width=\"224\" height=\"300\" srcset=\"https:\/\/www.somospacientes.com\/crl-nueva-vida\/files\/2012\/10\/colis_lainentralgo1-224x300.jpg 224w, https:\/\/www.somospacientes.com\/crl-nueva-vida\/files\/2012\/10\/colis_lainentralgo1-764x1024.jpg 764w, https:\/\/www.somospacientes.com\/crl-nueva-vida\/files\/2012\/10\/colis_lainentralgo1-37x50.jpg 37w, https:\/\/www.somospacientes.com\/crl-nueva-vida\/files\/2012\/10\/colis_lainentralgo1-112x150.jpg 112w, https:\/\/www.somospacientes.com\/crl-nueva-vida\/files\/2012\/10\/colis_lainentralgo1-63x85.jpg 63w, https:\/\/www.somospacientes.com\/crl-nueva-vida\/files\/2012\/10\/colis_lainentralgo1-113x152.jpg 113w, https:\/\/www.somospacientes.com\/crl-nueva-vida\/files\/2012\/10\/colis_lainentralgo1-352x472.jpg 352w, https:\/\/www.somospacientes.com\/crl-nueva-vida\/files\/2012\/10\/colis_lainentralgo1.jpg 1936w\" sizes=\"auto, (max-width: 224px) 100vw, 224px\" \/><\/a><\/p>\n<p>En su intervenci\u00f3n, Jos\u00e9 augusto Colis describi\u00f3 el Proyecto Chamberlin, proyecto de sensibilizaci\u00f3n e informaci\u00f3n que gira en torno al c\u00f3mic de sensibilizaci\u00f3n \u00abUna historia sobre Luis\u00bb. Quisimos profundizar en el mundo de la historieta gr\u00e1fica y nos servimos de su t\u00e9cnica y procedimientos para construir un personaje, Luis, que encarnara una representaci\u00f3n nada sombr\u00eda de la enfermedad mental, que supusiera una referencia positiva para los afectados, para los familiares, los j\u00f3venes estudiantes y la sociedad en general\u00bb, explic\u00f3 Colis.<\/p>\n<p>Despu\u00e9s de cuatro a\u00f1os de actividad, el c\u00f3mic ha alcanzado los quince mil ejemplares y\u00a0 su p\u00e1gina web (www.proyectochamberlin.org)\u00a0 ha recibido 65.000 visitas realizadas desde 78 pa\u00edses; ha recibido solicitudes de ejemplares de todas las Comunidades Aut\u00f3nomas y\u00a0 gracias a un acuerdo con Laboratorios Lilly el c\u00f3mic se distribuy\u00f3 tambi\u00e9n por todos los Servicios de Salud Mental de Espa\u00f1a. La historia de Luis se ha le\u00eddo y debatido en Institutos de Ense\u00f1anza, Universidades (en grados, licenciaturas, postgrados y M\u00e1ster) y en Centros de Atenci\u00f3n Educativa; asimismo\u00a0 ha sido utilizado y debatido en Centros de Salud, Hospitales Generales, Equipos de Intervenci\u00f3n Temprana, Centros de D\u00eda y Comunidades Terap\u00e9uticas. Tambi\u00e9n ha sido instrumento de trabajo de Confederaciones, Federaciones y Asociaciones de familiares de personas con enfermedad mental.\u00a0 Tambi\u00e9n el c\u00f3mic (en soporte de papel y en CD) y los materiales complementarios han sido solicitados desde el extranjero: por citar algunos de ellos, el Liceo franc\u00e9s de Burkina Faso, el \u00c1rea de Promoci\u00f3n de la Salud de M\u00e9xico, El Hospital Provincial de Rosario, en Argentina y la Asociaci\u00f3n de familiares AFAPE de M\u00e9xico. Asimismo el Proyecto Chamberlin fue presentado en Venezuela, gracias a la asociaci\u00f3n CATESFAM de aquel pa\u00eds. Tambi\u00e9n fue presentado en Costa Rica, gracias al trabajo de la Dra. Kenia Quesada. Hace apenas dos semanas, cien ejemplares de \u00bb Una historia sobre Luis\u00bb\u00a0 llegaron a Ciudad de M\u00e9xico para ser utilizados por las personas atendidas\u00a0 del Hospital Psiqui\u00e1trico Infantil de M\u00e9xico.<\/p>\n<p>\u00abDe estas solicitudes y estas acciones de sensibilizaci\u00f3n realizadas hemos comprobado la profesionalidad de muchos terapeutas y profesores de nuestro pa\u00eds y del extranjero\u00a0 que pronto\u00a0 han encontrado en sus obligaciones rehabilitadoras o did\u00e1cticas un lugar para aplicar y utilizar los materiales de nuestro Proyecto Chamberlin. Ellos han sido los que han convertido en \u00fatil nuestro trabajo. Gracias a su acci\u00f3n, alumnos, familiares y afectados han dialogado sobre enfermedad mental a partir de nuestros materiales. Son profesionales que act\u00faan en la b\u00fasqueda de herramientas eficaces para la realizaci\u00f3n de \u00a0sus tareas espec\u00edficas\u00bb, explic\u00f3 Colis, que a\u00f1adi\u00f3 que \u00abtambi\u00e9n necesitamos que\u00a0 el ciudadano, el integrante \u00a0de la sociedad, abandone\u00a0 el papel de mero receptor paciente de la informaci\u00f3n y convertirse en un elemento activo en los procesos de desestigmatizaci\u00f3n. El colosal caudal de informaci\u00f3n que llega diariamente a la sociedad encierra el peligro de que el individuo inicie una navegaci\u00f3n vagabunda que le hace saltar de un lugar a otro sin detenerse. As\u00ed accede a un conocimiento meramente superficial de este o aquel asunto, un conocimiento extra\u00eddo de cierta cultura del eslogan, donde todo parece poder contarse en poco m\u00e1s de 140 caracteres.\u00a0 El sujeto informado no espera la informaci\u00f3n sino que se dirige hacia ella en un proceso de aut\u00e9ntica acci\u00f3n. Como dec\u00eda el profesor Jos\u00e9 Luis Pinillos, el prejuicio pertenece a la naturaleza del hombre en igual medida que la posibilidad de oponerse a \u00e9l.\u00bb<\/p>\n<p>Jos\u00e9 Augusto Colis termin\u00f3 su intervenci\u00f3n diciendo que \u00abla educaci\u00f3n, el esp\u00edritu cr\u00edtico, es una forma de ejercer la propia libertad frente a lo que \u00abse dice\u00bb, y esto no s\u00f3lo es aplicable a los procesos de desestigmaticaci\u00f3n sino a otras realidades sociales, hoy especialmente candentes. Nuestra mayor satisfacci\u00f3n estriba en que sabemos que en las aulas de nuestro pa\u00eds se ha reflexionado y dialogado sobre la enfermedad mental. Esperamos que se hayan extra\u00eddo conclusiones provechosas y el di\u00e1logo -que para algunos es la mejor forma de aprendizaje-\u00a0 haya contribuido a aumentar el conocimiento y esp\u00edritu cr\u00edtico de los alumnos espa\u00f1oles. As\u00ed podr\u00e1n ser en el futuro ciudadanos m\u00e1s libres y abiertos a la rica diversidad de las sociedades modernas.\u00bb<\/p>\n<p>&nbsp;<\/p>\n<p>&nbsp;<\/p>\n<p>&nbsp;<\/p>\n<p>&nbsp;<\/p>\n","protected":false},"excerpt":{"rendered":"<p>Dentro de los actos programados con motivo del D\u00eda de la Salud Mental\u00a0 se ha celebrado en la Agencia La\u00edn Entralgo de\u00a0 Madrid, la Primera Edici\u00f3n de las Jornadas \u00abEstigma de las personas con enfermedad mental y los medios de comunicaci\u00f3n\u00bb,\u00a0 organizadas por la Oficina Regional de Coordinaci\u00f3n de Salud Mental, la Direcci\u00f3n General de [&hellip;]<\/p>\n","protected":false},"author":174,"featured_media":0,"comment_status":"open","ping_status":"open","sticky":false,"template":"","format":"standard","meta":{"_acf_changed":false,"footnotes":""},"categories":[1159,1424],"tags":[3306],"be_disease":[646],"be_general":[],"be_media_type":[561],"class_list":["post-257","post","type-post","status-publish","format-standard","hentry","category-entrevistas","category-proyectos","tag-estigma-de-las-personas-con-enfermedad-mental-y-medios-de-comunicacion-crl-nueva-vida-asociacion-psiquiatria-y-vida-proyecto-chamberlin-teatro-accesible-aptent-contraelestigma","be_disease-salud-mental","be_media_type-documentos-archivos"],"acf":[],"_links":{"self":[{"href":"https:\/\/www.somospacientes.com\/crl-nueva-vida\/wp-json\/wp\/v2\/posts\/257","targetHints":{"allow":["GET"]}}],"collection":[{"href":"https:\/\/www.somospacientes.com\/crl-nueva-vida\/wp-json\/wp\/v2\/posts"}],"about":[{"href":"https:\/\/www.somospacientes.com\/crl-nueva-vida\/wp-json\/wp\/v2\/types\/post"}],"author":[{"embeddable":true,"href":"https:\/\/www.somospacientes.com\/crl-nueva-vida\/wp-json\/wp\/v2\/users\/174"}],"replies":[{"embeddable":true,"href":"https:\/\/www.somospacientes.com\/crl-nueva-vida\/wp-json\/wp\/v2\/comments?post=257"}],"version-history":[{"count":14,"href":"https:\/\/www.somospacientes.com\/crl-nueva-vida\/wp-json\/wp\/v2\/posts\/257\/revisions"}],"predecessor-version":[{"id":957,"href":"https:\/\/www.somospacientes.com\/crl-nueva-vida\/wp-json\/wp\/v2\/posts\/257\/revisions\/957"}],"wp:attachment":[{"href":"https:\/\/www.somospacientes.com\/crl-nueva-vida\/wp-json\/wp\/v2\/media?parent=257"}],"wp:term":[{"taxonomy":"category","embeddable":true,"href":"https:\/\/www.somospacientes.com\/crl-nueva-vida\/wp-json\/wp\/v2\/categories?post=257"},{"taxonomy":"post_tag","embeddable":true,"href":"https:\/\/www.somospacientes.com\/crl-nueva-vida\/wp-json\/wp\/v2\/tags?post=257"},{"taxonomy":"be_disease","embeddable":true,"href":"https:\/\/www.somospacientes.com\/crl-nueva-vida\/wp-json\/wp\/v2\/be_disease?post=257"},{"taxonomy":"be_general","embeddable":true,"href":"https:\/\/www.somospacientes.com\/crl-nueva-vida\/wp-json\/wp\/v2\/be_general?post=257"},{"taxonomy":"be_media_type","embeddable":true,"href":"https:\/\/www.somospacientes.com\/crl-nueva-vida\/wp-json\/wp\/v2\/be_media_type?post=257"}],"curies":[{"name":"wp","href":"https:\/\/api.w.org\/{rel}","templated":true}]}}