{"id":308,"date":"2013-02-14T10:44:41","date_gmt":"2013-02-14T09:44:41","guid":{"rendered":"https:\/\/www.somospacientes.com\/crl-nueva-vida\/?p=308"},"modified":"2013-02-14T10:49:03","modified_gmt":"2013-02-14T09:49:03","slug":"el-proyecto-teatro-accesible-encabeza-las-10-iniciativas-sociales-espanolas-mas-innovadoras","status":"publish","type":"post","link":"https:\/\/www.somospacientes.com\/crl-nueva-vida\/noticias\/sin-categoria\/el-proyecto-teatro-accesible-encabeza-las-10-iniciativas-sociales-espanolas-mas-innovadoras\/","title":{"rendered":"El Proyecto Teatro Accesible encabeza las 10 iniciativas sociales espa\u00f1olas m\u00e1s innovadoras"},"content":{"rendered":"<h3 align=\"center\">Seg\u00fan la Fundaci\u00f3n Compromiso y Transparencia<\/h3>\n<p style=\"text-align: center\"><a href=\"https:\/\/www.somospacientes.com\/crl-nueva-vida\/files\/2013\/02\/teato.png\"><img loading=\"lazy\" decoding=\"async\" class=\"size-medium wp-image-309 aligncenter\" src=\"https:\/\/www.somospacientes.com\/crl-nueva-vida\/files\/2013\/02\/teato-209x300.png\" alt=\"\" width=\"209\" height=\"300\" srcset=\"https:\/\/www.somospacientes.com\/crl-nueva-vida\/files\/2013\/02\/teato-209x300.png 209w, https:\/\/www.somospacientes.com\/crl-nueva-vida\/files\/2013\/02\/teato-34x50.png 34w, https:\/\/www.somospacientes.com\/crl-nueva-vida\/files\/2013\/02\/teato-104x150.png 104w, https:\/\/www.somospacientes.com\/crl-nueva-vida\/files\/2013\/02\/teato-59x85.png 59w, https:\/\/www.somospacientes.com\/crl-nueva-vida\/files\/2013\/02\/teato.png 237w\" sizes=\"auto, (max-width: 209px) 100vw, 209px\" \/><\/a><\/p>\n<h3 align=\"center\">Proyecto realizado por APTENT BE ACCESSIBLE!, Asociaci\u00f3n Psiquiatr\u00eda y Vida y FUNDACI\u00d3N VODAFONE Espa\u00f1a<\/h3>\n<p>&nbsp;<\/p>\n<p align=\"justify\"><em>La Fundaci\u00f3n Compromiso y Transparencia reconoce anualmente las que han sido las diez mejores iniciativas de innovaci\u00f3n social durante el anterior curso, en esta primera edici\u00f3n correspondiente a 2011-2012. El Proyecto Teatro Accesible es una iniciativa que surge de la colaboraci\u00f3n de APTENT BE ACCESSIBLE! y la Asociaci\u00f3n Psiquiatr\u00eda y Vida (Centro de Rehabilitaci\u00f3n Laboral \u201cNueva Vida), bajo el patrocinio de la Fundaci\u00f3n Vodafone Espa\u00f1a. \u201cTeatro Accesible\u201d es un proyecto que hace accesibles a las personas con discapacidad sensorial, mediante subtitulado, audiodescripci\u00f3n y sistemas de inducci\u00f3n magn\u00e9tica, representaciones de las temporadas teatrales de Madrid, Valencia y Barcelona. Iniciado en 2011, este proyecto presenta tambi\u00e9n un factor de integraci\u00f3n de particular relevancia para nuestro colectivo, ya que en su equipo de trabajo participan personas atendidas en el Centro de Rehabilitaci\u00f3n Laboral \u201cNueva Vida\u201d. De esta forma, el Proyecto Teatro Accesible se convierte en un proyecto pionero, tanto por facilitar el acceso a la cultura y al ocio a personas con discapacidad auditiva y visual como por integrar laboralmente a personas con Trastorno Mental. Esta integraci\u00f3n supone un valor a\u00f1adido del proyecto, que se establece como una referencia en la rehabilitaci\u00f3n e inserci\u00f3n laboral de este colectivo en nichos de empleo de las Nuevas Tecnolog\u00edas, desempe\u00f1os innovadores y de calidad. No es de menor importancia el car\u00e1cter desestigmatizador del proyecto, dada la competencia profesional demostrada por las personas contratadas. En los siguientes enlaces, encontrar\u00e1 el lector m\u00e1s informaci\u00f3n sobre el Proyecto Teatro Accesible.\u00a0<\/em><\/p>\n<p align=\"justify\"><a href=\"http:\/\/www.compromisoempresarial.com\/carrusel\/2013\/02\/las-1o-iniciativas-sociales-mas-innovadoras-2011-2012\/\" target=\"_blank\">Pulse aqu\u00ed para ver la noticia<\/a><\/p>\n<p align=\"justify\">\n<p>Teatro Accesible, \u00bfPara qui\u00e9n? <strong>Javier Jim\u00e9nez, Director de APTENT BE ACCESIBLE. <a href=\"http:\/\/www.youtube.com\/watch?v=0-0Txvu73-g\">http:\/\/www.youtube.com\/watch?v=0-0Txvu73-g<\/a> <\/strong><\/p>\n<p>Presentaci\u00f3n de Proyecto Teatro Accesible: <strong>Javier Jim\u00e9nez, Director de APTENT BE ACCESIBLE. \u00a0<a href=\"http:\/\/www.youtube.com\/watch?v=coLk6GOuJtQ\">http:\/\/www.youtube.com\/watch?v=coLk6GOuJtQ<\/a> <\/strong><\/p>\n<p>Presentaci\u00f3n de Proyecto Teatro Accesible: <strong>Jos\u00e9 Augusto Colis<\/strong>, Co-director del Centro de Rehabilitaci\u00f3n Laboral \u201cNueva Vida\u201d <strong><a href=\"http:\/\/www.youtube.com\/watch?v=keDeMizaoZw\">http:\/\/www.youtube.com\/watch?v=keDeMizaoZw<\/a><\/strong><\/p>\n<p>Entrevista a Bel\u00e9n Ruiz,\u00a0 Directora del Centro Espa\u00f1ol de Subtitulado y Audiodescripci\u00f3n, que habla sobre el curso de subtitulaci\u00f3n impartido en el Centro de Rehabilitaci\u00f3n Laboral \u201cNueva Vida\u201d. <a href=\"http:\/\/www.youtube.com\/watch?v=DLm4iKUx3dM\">http:\/\/www.youtube.com\/watch?v=DLm4iKUx3dM<\/a><\/p>\n<p>Proyecto Teatro Accesible en el 58\u00ba Festival Internacional de Teatro Cl\u00e1sico de M\u00e9rida. <a href=\"http:\/\/www.youtube.com\/watch?v=K4uBEws01Ew\">http:\/\/www.youtube.com\/watch?v=K4uBEws01Ew<\/a><\/p>\n<p><a href=\"http:\/\/www.teatrosaccesibles.com\/\">www.teatrosaccesibles.com<\/a><\/p>\n<p><a href=\"http:\/\/www.aptent.es\/\">www.aptent.es<\/a><\/p>\n<p>Todo sobre Rehabilitaci\u00f3n Laboral y Teatro accesible. <a href=\"http:\/\/crlventas.blogspot.com.es\/2012\/09\/todo-sobre-rehabilitacion-laboral-y.html\">http:\/\/crlventas.blogspot.com.es\/2012\/09\/todo-sobre-rehabilitacion-laboral-y.html<\/a><\/p>\n<p align=\"justify\">\n","protected":false},"excerpt":{"rendered":"<p>Seg\u00fan la Fundaci\u00f3n Compromiso y Transparencia Proyecto realizado por APTENT BE ACCESSIBLE!, Asociaci\u00f3n Psiquiatr\u00eda y Vida y FUNDACI\u00d3N VODAFONE Espa\u00f1a &nbsp; La Fundaci\u00f3n Compromiso y Transparencia reconoce anualmente las que han sido las diez mejores iniciativas de innovaci\u00f3n social durante el anterior curso, en esta primera edici\u00f3n correspondiente a 2011-2012. El Proyecto Teatro Accesible es [&hellip;]<\/p>\n","protected":false},"author":174,"featured_media":0,"comment_status":"open","ping_status":"open","sticky":false,"template":"","format":"standard","meta":{"_acf_changed":false,"footnotes":""},"categories":[1],"tags":[2028,2368,2033,2369,2030,2034],"be_disease":[646],"be_general":[],"be_media_type":[],"class_list":["post-308","post","type-post","status-publish","format-standard","hentry","category-sin-categoria","tag-contraelestigma","tag-aptent","tag-asociacion-psiquiatria-y-vida","tag-fundacion-vodafone-espana","tag-teatro-accesible","tag-www-proyectochamberlin-org","be_disease-salud-mental"],"acf":[],"_links":{"self":[{"href":"https:\/\/www.somospacientes.com\/crl-nueva-vida\/wp-json\/wp\/v2\/posts\/308","targetHints":{"allow":["GET"]}}],"collection":[{"href":"https:\/\/www.somospacientes.com\/crl-nueva-vida\/wp-json\/wp\/v2\/posts"}],"about":[{"href":"https:\/\/www.somospacientes.com\/crl-nueva-vida\/wp-json\/wp\/v2\/types\/post"}],"author":[{"embeddable":true,"href":"https:\/\/www.somospacientes.com\/crl-nueva-vida\/wp-json\/wp\/v2\/users\/174"}],"replies":[{"embeddable":true,"href":"https:\/\/www.somospacientes.com\/crl-nueva-vida\/wp-json\/wp\/v2\/comments?post=308"}],"version-history":[{"count":9,"href":"https:\/\/www.somospacientes.com\/crl-nueva-vida\/wp-json\/wp\/v2\/posts\/308\/revisions"}],"predecessor-version":[{"id":961,"href":"https:\/\/www.somospacientes.com\/crl-nueva-vida\/wp-json\/wp\/v2\/posts\/308\/revisions\/961"}],"wp:attachment":[{"href":"https:\/\/www.somospacientes.com\/crl-nueva-vida\/wp-json\/wp\/v2\/media?parent=308"}],"wp:term":[{"taxonomy":"category","embeddable":true,"href":"https:\/\/www.somospacientes.com\/crl-nueva-vida\/wp-json\/wp\/v2\/categories?post=308"},{"taxonomy":"post_tag","embeddable":true,"href":"https:\/\/www.somospacientes.com\/crl-nueva-vida\/wp-json\/wp\/v2\/tags?post=308"},{"taxonomy":"be_disease","embeddable":true,"href":"https:\/\/www.somospacientes.com\/crl-nueva-vida\/wp-json\/wp\/v2\/be_disease?post=308"},{"taxonomy":"be_general","embeddable":true,"href":"https:\/\/www.somospacientes.com\/crl-nueva-vida\/wp-json\/wp\/v2\/be_general?post=308"},{"taxonomy":"be_media_type","embeddable":true,"href":"https:\/\/www.somospacientes.com\/crl-nueva-vida\/wp-json\/wp\/v2\/be_media_type?post=308"}],"curies":[{"name":"wp","href":"https:\/\/api.w.org\/{rel}","templated":true}]}}