{"id":996,"date":"2024-02-15T11:32:32","date_gmt":"2024-02-15T10:32:32","guid":{"rendered":"https:\/\/www.somospacientes.com\/crl-nueva-vida\/?p=996"},"modified":"2024-02-27T10:03:23","modified_gmt":"2024-02-27T09:03:23","slug":"i-premio-jose-augusto-colis-de-la-asociacion-madrilena-de-rehabilitacion-psicosocial","status":"publish","type":"post","link":"https:\/\/www.somospacientes.com\/crl-nueva-vida\/noticias\/sin-categoria\/i-premio-jose-augusto-colis-de-la-asociacion-madrilena-de-rehabilitacion-psicosocial\/","title":{"rendered":"I Premio Jos\u00e9 Augusto Colis de la Asociaci\u00f3n Madrile\u00f1a de Rehabilitaci\u00f3n Psicosocial"},"content":{"rendered":"\n<p class=\"has-text-align-center\">LA ASOCIACION MADRILE\u00d1A DE REHABILITACI\u00d3N PSICOSOCIAL OTORGA EL I PREMIO DE INVESTIGACI\u00d3N JOS\u00c9 COLIS.<\/p>\n\n\n\n<h4 class=\"wp-block-heading has-text-align-center\">Este premio, con una dotaci\u00f3n econ\u00f3mica de 2000 euros, pretende reconocer y premiar proyectos de investigaci\u00f3n originales que reviertan en la mejora de la atenci\u00f3n a personas con problemas de salud mental, que generen un impacto en la reducci\u00f3n del estigma que sufren, que favorezcan su participaci\u00f3n activa y comprometida en la sociedad y\/o que contribuyan a que estas participen de una vida digna de calidad.<\/h4>\n\n\n<div class=\"wp-block-image\">\n<figure class=\"alignleft size-large is-resized\"><a href=\"https:\/\/www.somospacientes.com\/crl-nueva-vida\/files\/2024\/02\/cartel_premio_jose_colis.jpg\"><img loading=\"lazy\" decoding=\"async\" width=\"1024\" height=\"1024\" src=\"https:\/\/www.somospacientes.com\/crl-nueva-vida\/files\/2024\/02\/cartel_premio_jose_colis-1024x1024.jpg\" alt=\"\" class=\"wp-image-1004\" style=\"width:290px;height:auto\" srcset=\"https:\/\/www.somospacientes.com\/crl-nueva-vida\/files\/2024\/02\/cartel_premio_jose_colis-1024x1024.jpg 1024w, https:\/\/www.somospacientes.com\/crl-nueva-vida\/files\/2024\/02\/cartel_premio_jose_colis-300x300.jpg 300w, https:\/\/www.somospacientes.com\/crl-nueva-vida\/files\/2024\/02\/cartel_premio_jose_colis-150x150.jpg 150w, https:\/\/www.somospacientes.com\/crl-nueva-vida\/files\/2024\/02\/cartel_premio_jose_colis-768x768.jpg 768w, https:\/\/www.somospacientes.com\/crl-nueva-vida\/files\/2024\/02\/cartel_premio_jose_colis-125x125.jpg 125w, https:\/\/www.somospacientes.com\/crl-nueva-vida\/files\/2024\/02\/cartel_premio_jose_colis-50x50.jpg 50w, https:\/\/www.somospacientes.com\/crl-nueva-vida\/files\/2024\/02\/cartel_premio_jose_colis-85x85.jpg 85w, https:\/\/www.somospacientes.com\/crl-nueva-vida\/files\/2024\/02\/cartel_premio_jose_colis-472x472.jpg 472w, https:\/\/www.somospacientes.com\/crl-nueva-vida\/files\/2024\/02\/cartel_premio_jose_colis.jpg 1500w\" sizes=\"auto, (max-width: 1024px) 100vw, 1024px\" \/><\/a><\/figure>\n<\/div>\n\n\n<p><strong>Madrid, 10 de Febrero.<\/strong> En el marco de la Jornada 2024 de la Asociaci\u00f3n Madrile\u00f1a de Rehabilitaci\u00f3n Psicosocial (AMRP), \u201dLa Red situada\u201d, celebrada el pasado 9 de febrero en las instalaciones de Fundaci\u00f3n ONCE, en Madrid, se hizo entrega del I Premio Jos\u00e9 Colis de Investigaci\u00f3n al estudio \u00abEquilibrio ocupacional y g\u00e9nero en personas con diagn\u00f3stico de trastorno mental grave en centros de rehabilitaci\u00f3n laboral de la Comunidad de Madrid\u00bb, realizado por el Grupo de Terapeutas Ocupacionales de los Centros de Rehabilitaci\u00f3n Laboral de la Red P\u00fablica de Atenci\u00f3n Social a personas con enfermedad grave y duradera de la Comunidad de Madrid, perteneciente a la Consejer\u00eda de Familia, Juventud y Asuntos Sociales.<\/p>\n\n\n\n<p>El proyecto galardonado pretende dar a conocer las diferencias que existen respecto a las principales ocupaciones y sus caracter\u00edsticas entre las personas atendidas en Centros de rehabilitaci\u00f3n laboral de la Comunidad de Madrid, con el objetivo de incrementar la eficacia de las intervenciones dirigidas a la mejora del equilibrio ocupacional en los CRL incorporando la perspectiva de g\u00e9nero.<\/p>\n\n\n\n<p>Con \u00e9l premio, la Asociaci\u00f3n Madrile\u00f1a de Rehabilitaci\u00f3n Psicosocial rinde homenaje a la trayectoria profesional y personal de Jos\u00e9 Augusto Colis, pionero de la rehabilitaci\u00f3n laboral en Espa\u00f1a y cocreador del vigente modelo de rehabilitaci\u00f3n laboral junto con Virginia Galilea, con quien codirigi\u00f3 durante m\u00e1s de 30 a\u00f1os del primer Centro de Rehabilitaci\u00f3n Laboral de la Comunidad de Madrid. Colis, quien fue adem\u00e1s un socio activo de la AMRP y miembro de su junta directiva en varias ocasiones, dedic\u00f3 su labor profesional a la visibilizaci\u00f3n y sensibilizaci\u00f3n social de las personas con trastorno mental y a la defensa de su derecho a participar plenamente en la comunidad a trav\u00e9s del desempe\u00f1o de roles valiosos para s\u00ed mismos y para los dem\u00e1s.<\/p>\n\n\n\n<p>En palabras de Jos\u00e9 Colis:<\/p>\n\n\n\n<p>\u00abNuestra labor pretende apoyar a las personas para que construyan sus propios proyectos y favorecer su integraci\u00f3n en la comunidad. Y todo ello a trav\u00e9s del trabajo, ya sea en el mercado laboral ordinario o en las distintas f\u00f3rmulas de empleo protegido. () El trabajo es un instrumento esencial de inclusi\u00f3n social. Por supuesto, el empleo se asocia con la autonom\u00eda econ\u00f3mica, el bienestar y la autoestima; pero tambi\u00e9n con la necesidad que albergamos los individuos de la construcci\u00f3n de proyectos personales que den sentido a nuestras vidas; e indudablemente, con esa saludable sensaci\u00f3n de participaci\u00f3n, de involucraci\u00f3n, de pertenencia al grupo social\u00bb.<\/p>\n\n\n\n<p>El equipo premiado deber\u00e1 presentar sus primeros avances el pr\u00f3ximo a\u00f1o en el Congreso de la AMRP y los resultados finales en la Jornada de la Asociaci\u00f3n Madrile\u00f1a de Rehabilitaci\u00f3n en 2026.<\/p>\n\n\n\n<p class=\"has-text-align-left\">Para quienes conocimos y admiramos a Jos\u00e9 Colis, agradecemos a la AMRP el reconocimiento de nuestro compa\u00f1ero y amigo.<\/p>\n\n\n\n<p><\/p>\n","protected":false},"excerpt":{"rendered":"<p>LA ASOCIACION MADRILE\u00d1A DE REHABILITACI\u00d3N PSICOSOCIAL OTORGA EL I PREMIO DE INVESTIGACI\u00d3N JOS\u00c9 COLIS. Este premio, con una dotaci\u00f3n econ\u00f3mica de 2000 euros, pretende reconocer y premiar proyectos de investigaci\u00f3n originales que reviertan en la mejora de la atenci\u00f3n a personas con problemas de salud mental, que generen un impacto en la reducci\u00f3n del estigma [&hellip;]<\/p>\n","protected":false},"author":174,"featured_media":0,"comment_status":"open","ping_status":"open","sticky":false,"template":"","format":"standard","meta":{"_acf_changed":false,"footnotes":""},"categories":[1],"tags":[],"be_disease":[],"be_general":[],"be_media_type":[],"class_list":["post-996","post","type-post","status-publish","format-standard","hentry","category-sin-categoria"],"acf":[],"_links":{"self":[{"href":"https:\/\/www.somospacientes.com\/crl-nueva-vida\/wp-json\/wp\/v2\/posts\/996","targetHints":{"allow":["GET"]}}],"collection":[{"href":"https:\/\/www.somospacientes.com\/crl-nueva-vida\/wp-json\/wp\/v2\/posts"}],"about":[{"href":"https:\/\/www.somospacientes.com\/crl-nueva-vida\/wp-json\/wp\/v2\/types\/post"}],"author":[{"embeddable":true,"href":"https:\/\/www.somospacientes.com\/crl-nueva-vida\/wp-json\/wp\/v2\/users\/174"}],"replies":[{"embeddable":true,"href":"https:\/\/www.somospacientes.com\/crl-nueva-vida\/wp-json\/wp\/v2\/comments?post=996"}],"version-history":[{"count":2,"href":"https:\/\/www.somospacientes.com\/crl-nueva-vida\/wp-json\/wp\/v2\/posts\/996\/revisions"}],"predecessor-version":[{"id":1005,"href":"https:\/\/www.somospacientes.com\/crl-nueva-vida\/wp-json\/wp\/v2\/posts\/996\/revisions\/1005"}],"wp:attachment":[{"href":"https:\/\/www.somospacientes.com\/crl-nueva-vida\/wp-json\/wp\/v2\/media?parent=996"}],"wp:term":[{"taxonomy":"category","embeddable":true,"href":"https:\/\/www.somospacientes.com\/crl-nueva-vida\/wp-json\/wp\/v2\/categories?post=996"},{"taxonomy":"post_tag","embeddable":true,"href":"https:\/\/www.somospacientes.com\/crl-nueva-vida\/wp-json\/wp\/v2\/tags?post=996"},{"taxonomy":"be_disease","embeddable":true,"href":"https:\/\/www.somospacientes.com\/crl-nueva-vida\/wp-json\/wp\/v2\/be_disease?post=996"},{"taxonomy":"be_general","embeddable":true,"href":"https:\/\/www.somospacientes.com\/crl-nueva-vida\/wp-json\/wp\/v2\/be_general?post=996"},{"taxonomy":"be_media_type","embeddable":true,"href":"https:\/\/www.somospacientes.com\/crl-nueva-vida\/wp-json\/wp\/v2\/be_media_type?post=996"}],"curies":[{"name":"wp","href":"https:\/\/api.w.org\/{rel}","templated":true}]}}