{"id":101,"date":"2012-04-27T10:50:47","date_gmt":"2012-04-27T08:50:47","guid":{"rendered":"https:\/\/www.somospacientes.com\/el-sitio-de-martina\/?p=101"},"modified":"2012-05-07T14:16:56","modified_gmt":"2012-05-07T12:16:56","slug":"empiezan-las-consultas","status":"publish","type":"post","link":"https:\/\/www.somospacientes.com\/el-sitio-de-martina\/noticias\/sin-categoria\/empiezan-las-consultas\/","title":{"rendered":"Empiezan las consultas"},"content":{"rendered":"<p><a href=\"https:\/\/www.somospacientes.com\/el-sitio-de-martina\/files\/2012\/04\/03_Martina_y_Andrea.jpg\"><img loading=\"lazy\" decoding=\"async\" class=\"alignleft size-medium wp-image-102\" title=\"03_Martina_y_Andrea\" src=\"https:\/\/www.somospacientes.com\/el-sitio-de-martina\/files\/2012\/04\/03_Martina_y_Andrea-300x225.jpg\" alt=\"Martina y Andrea\" width=\"210\" height=\"158\" srcset=\"https:\/\/www.somospacientes.com\/el-sitio-de-martina\/files\/2012\/04\/03_Martina_y_Andrea-300x225.jpg 300w, https:\/\/www.somospacientes.com\/el-sitio-de-martina\/files\/2012\/04\/03_Martina_y_Andrea-1024x768.jpg 1024w, https:\/\/www.somospacientes.com\/el-sitio-de-martina\/files\/2012\/04\/03_Martina_y_Andrea-50x37.jpg 50w, https:\/\/www.somospacientes.com\/el-sitio-de-martina\/files\/2012\/04\/03_Martina_y_Andrea-150x112.jpg 150w, https:\/\/www.somospacientes.com\/el-sitio-de-martina\/files\/2012\/04\/03_Martina_y_Andrea-85x63.jpg 85w, https:\/\/www.somospacientes.com\/el-sitio-de-martina\/files\/2012\/04\/03_Martina_y_Andrea-125x93.jpg 125w, https:\/\/www.somospacientes.com\/el-sitio-de-martina\/files\/2012\/04\/03_Martina_y_Andrea-191x143.jpg 191w, https:\/\/www.somospacientes.com\/el-sitio-de-martina\/files\/2012\/04\/03_Martina_y_Andrea-630x472.jpg 630w, https:\/\/www.somospacientes.com\/el-sitio-de-martina\/files\/2012\/04\/03_Martina_y_Andrea-141x106.jpg 141w\" sizes=\"auto, (max-width: 210px) 100vw, 210px\" \/><\/a><\/p>\n<p>La <strong>primera consulta<\/strong> que tuvimos fue en la Unidad de Cardiolog\u00eda. No vino m\u00e1s que a confirmar el diagn\u00f3stico inicial: una CIA (Comunicaci\u00f3n Interauricular), dos CIV\u00b4s (Comunicaciones Interventriculares), ductus y tensi\u00f3n pulmonar elevada; si bien las CIV\u00b4s eran algo m\u00e1s peque\u00f1as que al inicio. Esto nos aport\u00f3 una evidente alegr\u00eda, parec\u00eda que <strong>las cosas pod\u00edan ir a mejor<\/strong>. Nos fuimos con la recomendaci\u00f3n de profilaxis cardiaca en \u00e9poca de dientes y una cita para el plazo de tres meses.<\/p>\n<p><a href=\"https:\/\/www.somospacientes.com\/el-sitio-de-martina\/files\/2012\/04\/03_Martina_y_Andrea.jpg\"><!--more--><\/a><\/p>\n<div>En la Unidad de Traumatolog\u00eda, la consulta fue <strong>menos esperanzadora<\/strong> y no por el diagn\u00f3stico, sino m\u00e1s bien porque al parecer no ten\u00edan muy claro qu\u00e9 deb\u00edan hacer, qui\u00e9n lo deb\u00eda hacer y cu\u00e1ndo lo deb\u00eda hacer. Todo se resum\u00eda en \u201c<strong>habr\u00e1 que esperar<\/strong>\u201d, \u201cpuede que mueva los pulgares\u201d, \u201cen los brazos no le vemos nada\u201d.En ning\u00fan momento pensamos en la poca cualificaci\u00f3n y experiencia del personal y es justicia decir que son <strong>un gran equipo al que tenemos much\u00edsimo que agradecer<\/strong>. Simplemente nos dio la impresi\u00f3n de que el caso les sobrepasaba y decidimos hacer caso de aquello que nos dijeron y buscar fuera de M\u00e1laga el profesional que pudiera operar a Martina.Buscar un profesional <strong>no es tarea f\u00e1cil<\/strong> si tenemos presente que lo primero es conocer a fondo el problema que precisa soluci\u00f3n para buscar el m\u00e1s cualificado de los profesionales. Se trata de una hija y evidentemente quieres al <strong>n\u00famero uno<\/strong>.<\/p>\n<p>Ahora es cuando empezamos, en los pocos ratos libres que nos dejaba nuestra reci\u00e9n estrenada\u00a0maternidad\/paternidad, a bebernos <strong>toda la literatura<\/strong> que localizamos sobre malformaciones de\u00a0miembros superiores, sus consecuencias y soluciones.<\/p>\n<\/div>\n","protected":false},"excerpt":{"rendered":"<p>La primera consulta que tuvimos fue en la Unidad de Cardiolog\u00eda. No vino m\u00e1s que a confirmar el diagn\u00f3stico inicial: una CIA (Comunicaci\u00f3n Interauricular), dos CIV\u00b4s (Comunicaciones Interventriculares), ductus y tensi\u00f3n pulmonar elevada; si bien las CIV\u00b4s eran algo m\u00e1s peque\u00f1as que al inicio. Esto nos aport\u00f3 una evidente alegr\u00eda, parec\u00eda que las cosas pod\u00edan [&hellip;]<\/p>\n","protected":false},"author":266,"featured_media":0,"comment_status":"open","ping_status":"open","sticky":false,"template":"","format":"standard","meta":{"_acf_changed":false,"footnotes":""},"categories":[1],"tags":[],"be_disease":[],"be_general":[],"be_media_type":[],"class_list":["post-101","post","type-post","status-publish","format-standard","hentry","category-sin-categoria"],"acf":[],"_links":{"self":[{"href":"https:\/\/www.somospacientes.com\/el-sitio-de-martina\/wp-json\/wp\/v2\/posts\/101","targetHints":{"allow":["GET"]}}],"collection":[{"href":"https:\/\/www.somospacientes.com\/el-sitio-de-martina\/wp-json\/wp\/v2\/posts"}],"about":[{"href":"https:\/\/www.somospacientes.com\/el-sitio-de-martina\/wp-json\/wp\/v2\/types\/post"}],"author":[{"embeddable":true,"href":"https:\/\/www.somospacientes.com\/el-sitio-de-martina\/wp-json\/wp\/v2\/users\/266"}],"replies":[{"embeddable":true,"href":"https:\/\/www.somospacientes.com\/el-sitio-de-martina\/wp-json\/wp\/v2\/comments?post=101"}],"version-history":[{"count":9,"href":"https:\/\/www.somospacientes.com\/el-sitio-de-martina\/wp-json\/wp\/v2\/posts\/101\/revisions"}],"predecessor-version":[{"id":130,"href":"https:\/\/www.somospacientes.com\/el-sitio-de-martina\/wp-json\/wp\/v2\/posts\/101\/revisions\/130"}],"wp:attachment":[{"href":"https:\/\/www.somospacientes.com\/el-sitio-de-martina\/wp-json\/wp\/v2\/media?parent=101"}],"wp:term":[{"taxonomy":"category","embeddable":true,"href":"https:\/\/www.somospacientes.com\/el-sitio-de-martina\/wp-json\/wp\/v2\/categories?post=101"},{"taxonomy":"post_tag","embeddable":true,"href":"https:\/\/www.somospacientes.com\/el-sitio-de-martina\/wp-json\/wp\/v2\/tags?post=101"},{"taxonomy":"be_disease","embeddable":true,"href":"https:\/\/www.somospacientes.com\/el-sitio-de-martina\/wp-json\/wp\/v2\/be_disease?post=101"},{"taxonomy":"be_general","embeddable":true,"href":"https:\/\/www.somospacientes.com\/el-sitio-de-martina\/wp-json\/wp\/v2\/be_general?post=101"},{"taxonomy":"be_media_type","embeddable":true,"href":"https:\/\/www.somospacientes.com\/el-sitio-de-martina\/wp-json\/wp\/v2\/be_media_type?post=101"}],"curies":[{"name":"wp","href":"https:\/\/api.w.org\/{rel}","templated":true}]}}