{"id":108,"date":"2012-05-04T13:21:00","date_gmt":"2012-05-04T11:21:00","guid":{"rendered":"https:\/\/www.somospacientes.com\/el-sitio-de-martina\/?p=108"},"modified":"2012-05-07T14:05:33","modified_gmt":"2012-05-07T12:05:33","slug":"el-primer-viaje","status":"publish","type":"post","link":"https:\/\/www.somospacientes.com\/el-sitio-de-martina\/noticias\/sin-categoria\/el-primer-viaje\/","title":{"rendered":"El primer viaje"},"content":{"rendered":"<p><a href=\"https:\/\/www.somospacientes.com\/el-sitio-de-martina\/files\/2012\/05\/Imagen-Capitulo-IV.jpg\"><br \/>\n<img loading=\"lazy\" decoding=\"async\" class=\"alignleft size-medium wp-image-109\" title=\"Imagen Capitulo IV\" src=\"https:\/\/www.somospacientes.com\/el-sitio-de-martina\/files\/2012\/05\/Imagen-Capitulo-IV-300x200.jpg\" alt=\"\" width=\"300\" height=\"200\" srcset=\"https:\/\/www.somospacientes.com\/el-sitio-de-martina\/files\/2012\/05\/Imagen-Capitulo-IV-300x200.jpg 300w, https:\/\/www.somospacientes.com\/el-sitio-de-martina\/files\/2012\/05\/Imagen-Capitulo-IV-1024x685.jpg 1024w, https:\/\/www.somospacientes.com\/el-sitio-de-martina\/files\/2012\/05\/Imagen-Capitulo-IV-50x33.jpg 50w, https:\/\/www.somospacientes.com\/el-sitio-de-martina\/files\/2012\/05\/Imagen-Capitulo-IV-150x100.jpg 150w, https:\/\/www.somospacientes.com\/el-sitio-de-martina\/files\/2012\/05\/Imagen-Capitulo-IV-85x56.jpg 85w, https:\/\/www.somospacientes.com\/el-sitio-de-martina\/files\/2012\/05\/Imagen-Capitulo-IV-125x83.jpg 125w, https:\/\/www.somospacientes.com\/el-sitio-de-martina\/files\/2012\/05\/Imagen-Capitulo-IV-630x421.jpg 630w\" sizes=\"auto, (max-width: 300px) 100vw, 300px\" \/><\/a>Martina empez\u00f3 a crecer, las semanas y meses fueron pasando acompa\u00f1ados de las correspondientes y peri\u00f3dicas consultas. Varios fueron los profesionales que evaluaron a Martina en la consulta de trauma. En una de las visitas <strong>se empez\u00f3 a hablar sobre la necesidad de intervenci\u00f3n quir\u00fargica<\/strong>, pero sin expresar claramente qu\u00e9 tipo de intervenci\u00f3n, ni cuando, ni que resultado se esperaba obtener.<\/p>\n<p><a href=\"https:\/\/www.somospacientes.com\/el-sitio-de-martina\/files\/2012\/05\/Imagen-Capitulo-IV.jpg\"><!--more--><\/a><\/p>\n<p>&nbsp;<\/p>\n<p>Mientras esto suced\u00eda nosotros segu\u00edamos buscando al profesional que ayudara a que las manos de Martina fueran lo m\u00e1s funcionales posibles. Cierto d\u00eda encontramos un especialista en problemas de plexo braquial, cirug\u00eda de la mano, microcirug\u00eda y cirug\u00eda pl\u00e1stica. El inconveniente era la distancia. <strong>Para acudir a la consulta nos deb\u00edamos desplazar de M\u00e1laga a Madrid<\/strong>, con nuestras hijas\u2026., no ten\u00edamos ninguna intenci\u00f3n de dejar a Andrea los dos o tres d\u00edas que pasar\u00edamos all\u00ed.<\/p>\n<p>Decidimos pedir consulta y aqu\u00ed fue donde <strong>empezaron nuestros gastos extraordinarios<\/strong>: billetes de tren, alojamiento, comidas, taxis, consulta y alg\u00fan que otro gasto inesperado.<\/p>\n<p>Sentimos no poder guardar ning\u00fan buen recuerdo de esta visita. La soluci\u00f3n que este profesional nos ofreci\u00f3 fue la de, directamente, amputar el dedo pulgar derecho y pulgarizar el \u00edndice. La mano izquierda no seria intervenida. De esta forma la mano derecha quedar\u00eda con cuatro dedos y la izquierda\u2026.., abandonada a su suerte. En los escasos 15 minutos que dur\u00f3 aquella consulta <strong>la vida nos dio un vuelco que no esper\u00e1bamos<\/strong>, hasta el momento jam\u00e1s se nos hab\u00eda pasado esa posibilidad por la cabeza.<\/p>\n<p>Acabada la consulta nos dirigimos a la estaci\u00f3n de trenes de Atocha para hacer un extra\u00f1o viaje; fuimos ilusionados a conocer el profesional que pod\u00eda ayudar a nuestra hija y regres\u00e1bamos con <strong>una soluci\u00f3n que no cab\u00eda en nuestras cabezas ni en nuestros corazones<\/strong>. No llegamos a bajar del tren cuando ya pr\u00e1cticamente ten\u00edamos desechada la posibilidad de operar a Martina en La Paz y de la mano del doctor que conocimos.<\/p>\n<p>Entonces nos dimos cuenta que el camino que nos tocaba andar seria largo y muy delicado. Por suerte, el &#8216;problema&#8217; de nuestra peque\u00f1a no interven\u00eda en su desarrollo y por tanto <strong>crec\u00eda y aprend\u00eda como cualquier otro beb\u00e9<\/strong>.<\/p>\n","protected":false},"excerpt":{"rendered":"<p>Martina empez\u00f3 a crecer, las semanas y meses fueron pasando acompa\u00f1ados de las correspondientes y peri\u00f3dicas consultas. Varios fueron los profesionales que evaluaron a Martina en la consulta de trauma. En una de las visitas se empez\u00f3 a hablar sobre la necesidad de intervenci\u00f3n quir\u00fargica, pero sin expresar claramente qu\u00e9 tipo de intervenci\u00f3n, ni cuando, [&hellip;]<\/p>\n","protected":false},"author":24,"featured_media":109,"comment_status":"open","ping_status":"open","sticky":false,"template":"","format":"standard","meta":{"_acf_changed":false,"footnotes":""},"categories":[1],"tags":[],"be_disease":[],"be_general":[],"be_media_type":[],"class_list":["post-108","post","type-post","status-publish","format-standard","has-post-thumbnail","hentry","category-sin-categoria"],"acf":[],"_links":{"self":[{"href":"https:\/\/www.somospacientes.com\/el-sitio-de-martina\/wp-json\/wp\/v2\/posts\/108","targetHints":{"allow":["GET"]}}],"collection":[{"href":"https:\/\/www.somospacientes.com\/el-sitio-de-martina\/wp-json\/wp\/v2\/posts"}],"about":[{"href":"https:\/\/www.somospacientes.com\/el-sitio-de-martina\/wp-json\/wp\/v2\/types\/post"}],"author":[{"embeddable":true,"href":"https:\/\/www.somospacientes.com\/el-sitio-de-martina\/wp-json\/wp\/v2\/users\/24"}],"replies":[{"embeddable":true,"href":"https:\/\/www.somospacientes.com\/el-sitio-de-martina\/wp-json\/wp\/v2\/comments?post=108"}],"version-history":[{"count":7,"href":"https:\/\/www.somospacientes.com\/el-sitio-de-martina\/wp-json\/wp\/v2\/posts\/108\/revisions"}],"predecessor-version":[{"id":129,"href":"https:\/\/www.somospacientes.com\/el-sitio-de-martina\/wp-json\/wp\/v2\/posts\/108\/revisions\/129"}],"wp:featuredmedia":[{"embeddable":true,"href":"https:\/\/www.somospacientes.com\/el-sitio-de-martina\/wp-json\/wp\/v2\/media\/109"}],"wp:attachment":[{"href":"https:\/\/www.somospacientes.com\/el-sitio-de-martina\/wp-json\/wp\/v2\/media?parent=108"}],"wp:term":[{"taxonomy":"category","embeddable":true,"href":"https:\/\/www.somospacientes.com\/el-sitio-de-martina\/wp-json\/wp\/v2\/categories?post=108"},{"taxonomy":"post_tag","embeddable":true,"href":"https:\/\/www.somospacientes.com\/el-sitio-de-martina\/wp-json\/wp\/v2\/tags?post=108"},{"taxonomy":"be_disease","embeddable":true,"href":"https:\/\/www.somospacientes.com\/el-sitio-de-martina\/wp-json\/wp\/v2\/be_disease?post=108"},{"taxonomy":"be_general","embeddable":true,"href":"https:\/\/www.somospacientes.com\/el-sitio-de-martina\/wp-json\/wp\/v2\/be_general?post=108"},{"taxonomy":"be_media_type","embeddable":true,"href":"https:\/\/www.somospacientes.com\/el-sitio-de-martina\/wp-json\/wp\/v2\/be_media_type?post=108"}],"curies":[{"name":"wp","href":"https:\/\/api.w.org\/{rel}","templated":true}]}}