{"id":135,"date":"2012-05-11T11:14:18","date_gmt":"2012-05-11T09:14:18","guid":{"rendered":"https:\/\/www.somospacientes.com\/el-sitio-de-martina\/?p=135"},"modified":"2012-05-18T11:52:28","modified_gmt":"2012-05-18T09:52:28","slug":"el-siguiente-paso","status":"publish","type":"post","link":"https:\/\/www.somospacientes.com\/el-sitio-de-martina\/noticias\/sin-categoria\/el-siguiente-paso\/","title":{"rendered":"El siguiente paso"},"content":{"rendered":"<p><a href=\"https:\/\/www.somospacientes.com\/el-sitio-de-martina\/files\/2012\/05\/Imagen-Capitulo-V.jpg\"><img loading=\"lazy\" decoding=\"async\" class=\"alignleft size-medium wp-image-136\" title=\"Imagen Capitulo V\" src=\"https:\/\/www.somospacientes.com\/el-sitio-de-martina\/files\/2012\/05\/Imagen-Capitulo-V-300x200.jpg\" alt=\"\" width=\"300\" height=\"200\" srcset=\"https:\/\/www.somospacientes.com\/el-sitio-de-martina\/files\/2012\/05\/Imagen-Capitulo-V-300x200.jpg 300w, https:\/\/www.somospacientes.com\/el-sitio-de-martina\/files\/2012\/05\/Imagen-Capitulo-V-1024x685.jpg 1024w, https:\/\/www.somospacientes.com\/el-sitio-de-martina\/files\/2012\/05\/Imagen-Capitulo-V-50x33.jpg 50w, https:\/\/www.somospacientes.com\/el-sitio-de-martina\/files\/2012\/05\/Imagen-Capitulo-V-150x100.jpg 150w, https:\/\/www.somospacientes.com\/el-sitio-de-martina\/files\/2012\/05\/Imagen-Capitulo-V-85x56.jpg 85w, https:\/\/www.somospacientes.com\/el-sitio-de-martina\/files\/2012\/05\/Imagen-Capitulo-V-125x83.jpg 125w, https:\/\/www.somospacientes.com\/el-sitio-de-martina\/files\/2012\/05\/Imagen-Capitulo-V-630x421.jpg 630w\" sizes=\"auto, (max-width: 300px) 100vw, 300px\" \/><\/a>Como ya os hemos contado en entradas anteriores, quer\u00edamos encontrar al mejor cirujano que, con la mejor t\u00e9cnica, pudiera <strong>operar a nuestra peque\u00f1a<\/strong> y dimos el siguiente paso.<\/p>\n<p>Una vez relatamos a la fisioterapeuta del equipo SIDI c\u00f3mo fue la consulta en Madrid, \u00e9sta coincid\u00eda con nosotros en que <strong>pulgarizar el \u00edndice deb\u00eda ser la \u00faltima opci\u00f3n<\/strong>. En tres escasos d\u00edas nos acompa\u00f1\u00f3 a la consulta de otra &#8216;fisio&#8217; que no hac\u00eda mucho tiempo conoci\u00f3 en un congreso. Fue ese d\u00eda y de mano de la persona que acab\u00e1bamos de conocer cuando se empez\u00f3 a barajar la posibilidad de que a Martina la viera un cirujano de nacionalidad italiana, con residencia en San Marino, y que de forma espor\u00e1dica pasaba consulta en una importante cl\u00ednica de Barcelona.<\/p>\n<p><!--more-->En unos pocos d\u00edas ya ten\u00edamos fecha de consulta, billetes y hotel reservado. En menos de un mes \u00e9ste ser\u00eda nuestro segundo viaje y venia a <strong>devolvernos todo el \u00e1nimo que perdimos en el primero<\/strong>. Mientras llegaba el d\u00eda procuramos conseguir cita con cierta doctora, de Barcelona tambi\u00e9n, y as\u00ed aprovechar nuestro viaje. Finalmente no fue posible. Nuevamente nos \u00edbamos los cuatro\u2026, Andrea no se quedar\u00eda en M\u00e1laga.<\/p>\n<p>Entre todo esto intent\u00e1bamos hacernos con la historia cl\u00ednica de Martina. Fueron varias las personas que intervinieron en este proceso. No resultaba tarea f\u00e1cil puesto que <strong>el celo que imprime el hospital en salvaguardar la documentaci\u00f3n de cada paciente es tremendo<\/strong>\u2026, tanto que en ocasiones puede resultar una gran traba burocr\u00e1tica que puede entorpecer el diagn\u00f3stico o resoluci\u00f3n de seg\u00fan que casos.<\/p>\n<p>La segunda fisioterapeuta que conocimos nos advirti\u00f3 de algo muy importante. Nos dijo: \u00abA vuestra hija hay que operarla y con cierta urgencia. Ella <strong>est\u00e1 usando sus manos de forma incorrecta<\/strong> y est\u00e1 grabando datos incorrectos, entonces el d\u00eda de ma\u00f1ana habr\u00e1 primero que corregirle y luego ense\u00f1arle, con lo cual el aprendizaje natural queda desvirtuado\u00bb.<\/p>\n<p>\u00bfRealmente el tiempo empezaba a<strong> jugar en su contra<\/strong>?<\/p>\n<p>A pesar de todo, tambi\u00e9n hab\u00eda<strong> momentos divertidos y relajados<\/strong> con nuestros amigos tal y como muestra la fotograf\u00eda con la que acompa\u00f1amos este texto.<\/p>\n","protected":false},"excerpt":{"rendered":"<p>Como ya os hemos contado en entradas anteriores, quer\u00edamos encontrar al mejor cirujano que, con la mejor t\u00e9cnica, pudiera operar a nuestra peque\u00f1a y dimos el siguiente paso. Una vez relatamos a la fisioterapeuta del equipo SIDI c\u00f3mo fue la consulta en Madrid, \u00e9sta coincid\u00eda con nosotros en que pulgarizar el \u00edndice deb\u00eda ser la [&hellip;]<\/p>\n","protected":false},"author":28,"featured_media":136,"comment_status":"open","ping_status":"open","sticky":false,"template":"","format":"standard","meta":{"_acf_changed":false,"footnotes":""},"categories":[1],"tags":[],"be_disease":[],"be_general":[],"be_media_type":[],"class_list":["post-135","post","type-post","status-publish","format-standard","has-post-thumbnail","hentry","category-sin-categoria"],"acf":[],"_links":{"self":[{"href":"https:\/\/www.somospacientes.com\/el-sitio-de-martina\/wp-json\/wp\/v2\/posts\/135","targetHints":{"allow":["GET"]}}],"collection":[{"href":"https:\/\/www.somospacientes.com\/el-sitio-de-martina\/wp-json\/wp\/v2\/posts"}],"about":[{"href":"https:\/\/www.somospacientes.com\/el-sitio-de-martina\/wp-json\/wp\/v2\/types\/post"}],"author":[{"embeddable":true,"href":"https:\/\/www.somospacientes.com\/el-sitio-de-martina\/wp-json\/wp\/v2\/users\/28"}],"replies":[{"embeddable":true,"href":"https:\/\/www.somospacientes.com\/el-sitio-de-martina\/wp-json\/wp\/v2\/comments?post=135"}],"version-history":[{"count":4,"href":"https:\/\/www.somospacientes.com\/el-sitio-de-martina\/wp-json\/wp\/v2\/posts\/135\/revisions"}],"predecessor-version":[{"id":138,"href":"https:\/\/www.somospacientes.com\/el-sitio-de-martina\/wp-json\/wp\/v2\/posts\/135\/revisions\/138"}],"wp:featuredmedia":[{"embeddable":true,"href":"https:\/\/www.somospacientes.com\/el-sitio-de-martina\/wp-json\/wp\/v2\/media\/136"}],"wp:attachment":[{"href":"https:\/\/www.somospacientes.com\/el-sitio-de-martina\/wp-json\/wp\/v2\/media?parent=135"}],"wp:term":[{"taxonomy":"category","embeddable":true,"href":"https:\/\/www.somospacientes.com\/el-sitio-de-martina\/wp-json\/wp\/v2\/categories?post=135"},{"taxonomy":"post_tag","embeddable":true,"href":"https:\/\/www.somospacientes.com\/el-sitio-de-martina\/wp-json\/wp\/v2\/tags?post=135"},{"taxonomy":"be_disease","embeddable":true,"href":"https:\/\/www.somospacientes.com\/el-sitio-de-martina\/wp-json\/wp\/v2\/be_disease?post=135"},{"taxonomy":"be_general","embeddable":true,"href":"https:\/\/www.somospacientes.com\/el-sitio-de-martina\/wp-json\/wp\/v2\/be_general?post=135"},{"taxonomy":"be_media_type","embeddable":true,"href":"https:\/\/www.somospacientes.com\/el-sitio-de-martina\/wp-json\/wp\/v2\/be_media_type?post=135"}],"curies":[{"name":"wp","href":"https:\/\/api.w.org\/{rel}","templated":true}]}}