{"id":140,"date":"2012-05-18T11:49:49","date_gmt":"2012-05-18T09:49:49","guid":{"rendered":"https:\/\/www.somospacientes.com\/el-sitio-de-martina\/?p=140"},"modified":"2012-06-04T10:05:45","modified_gmt":"2012-06-04T08:05:45","slug":"llegamos-a-barcelona","status":"publish","type":"post","link":"https:\/\/www.somospacientes.com\/el-sitio-de-martina\/noticias\/sin-categoria\/llegamos-a-barcelona\/","title":{"rendered":"Llegamos a Barcelona"},"content":{"rendered":"<p><a href=\"https:\/\/www.somospacientes.com\/el-sitio-de-martina\/files\/2012\/05\/Imagen-Capitulo-VI.jpg\"><img loading=\"lazy\" decoding=\"async\" class=\"alignleft size-medium wp-image-141\" title=\"Imagen Capitulo VI\" src=\"https:\/\/www.somospacientes.com\/el-sitio-de-martina\/files\/2012\/05\/Imagen-Capitulo-VI-300x200.jpg\" alt=\"\" width=\"300\" height=\"200\" srcset=\"https:\/\/www.somospacientes.com\/el-sitio-de-martina\/files\/2012\/05\/Imagen-Capitulo-VI-300x200.jpg 300w, https:\/\/www.somospacientes.com\/el-sitio-de-martina\/files\/2012\/05\/Imagen-Capitulo-VI-1024x685.jpg 1024w, https:\/\/www.somospacientes.com\/el-sitio-de-martina\/files\/2012\/05\/Imagen-Capitulo-VI-50x33.jpg 50w, https:\/\/www.somospacientes.com\/el-sitio-de-martina\/files\/2012\/05\/Imagen-Capitulo-VI-150x100.jpg 150w, https:\/\/www.somospacientes.com\/el-sitio-de-martina\/files\/2012\/05\/Imagen-Capitulo-VI-85x56.jpg 85w, https:\/\/www.somospacientes.com\/el-sitio-de-martina\/files\/2012\/05\/Imagen-Capitulo-VI-125x83.jpg 125w, https:\/\/www.somospacientes.com\/el-sitio-de-martina\/files\/2012\/05\/Imagen-Capitulo-VI-630x421.jpg 630w\" sizes=\"auto, (max-width: 300px) 100vw, 300px\" \/><\/a>Llegamos a Barcelona poco antes de las 08.00, con algo parecido a <strong>una gran resaca y una tremenda ilusi\u00f3n<\/strong>. Gracias a las gestiones de una persona allegada pudimos acceder a la habitaci\u00f3n del hotel sin tener que esperar a mediod\u00eda, lo cual fue un gran descanso al no tener que vernos en la calle con las maletas, sin una ducha y con nuestras peque\u00f1as.<\/p>\n<p>El motivo que all\u00ed nos llev\u00f3 no dejaba de rondarnos la cabeza\u2026, es <strong>un esfuerzo econ\u00f3mico importante<\/strong> y necesit\u00e1bamos que sirviera para algo. Los nervios empezaban a aparecer.<!--more--><\/p>\n<p>Cuando acudimos a la consulta vimos varias familias con sus hijos que, si bien no ten\u00edan la misma afectaci\u00f3n que Martina, si ten\u00edan <strong>afectados los miembros superiores<\/strong>. Estas familias ven\u00edan desde muy distintos lugares.<\/p>\n<p>Al pasar a la consulta nos encontramos con tres personas distintas, de tres nacionalidades distintas. Aqu\u00ed llega nuestro primer desconcierto; uno de los traumat\u00f3logos es de M\u00e1laga y tiene consulta en M\u00e1laga. <strong>\u00bfPor qu\u00e9 nos dijeron entonces que nos ten\u00edamos que buscar la vida fuera de nuestra ciudad?<\/strong><\/p>\n<p>Detenidamente fueron evaluando a Martina. Comprobando los <strong>movimientos de los que carecia<\/strong> y las limitaciones que pose\u00eda. Vigilando que tal presionaba con los distintos dedos y la fuerza que aplicaba. Estudiaban una y otra vez las radiografias realizadas e informes redactados pertenecientes a su historia cl\u00ednica.<\/p>\n<p>Terminada la consulta nos marchamos, previo pago de honorarios evidentemente, con el siguiente resultado: pueden operar a Martina y estiman que <strong>debe hacerse cuanto antes.<\/strong> Nos animan a decidirnos por intervenir all\u00ed argumentando que pueden obtener grandes avances y nos invitan a reservar quir\u00f3fano antes de que termine el mes de Junio, advirti\u00e9ndonos de que la intervenci\u00f3n se realizar\u00e1 el mes de Septiembre.<\/p>\n<p>Al d\u00eda siguiente, camino de M\u00e1laga, empezamos a preguntarnos cu\u00e1nto nos podr\u00eda costar todo aquello de operar a nuestra peque\u00f1a en Barcelona. A nuestra llegada nos dispusimos a averiguar los fondos de que dispon\u00edamos, a la vez que solicitamos presupuesto, <strong>n\u00famero de intervenciones, d\u00edas de hospitalizaci\u00f3n,<\/strong> revisiones, curas y un largo etc\u00e9tera que nunca figuramos tan extenso.<\/p>\n","protected":false},"excerpt":{"rendered":"<p>Llegamos a Barcelona poco antes de las 08.00, con algo parecido a una gran resaca y una tremenda ilusi\u00f3n. Gracias a las gestiones de una persona allegada pudimos acceder a la habitaci\u00f3n del hotel sin tener que esperar a mediod\u00eda, lo cual fue un gran descanso al no tener que vernos en la calle con [&hellip;]<\/p>\n","protected":false},"author":28,"featured_media":0,"comment_status":"open","ping_status":"open","sticky":false,"template":"","format":"standard","meta":{"_acf_changed":false,"footnotes":""},"categories":[1],"tags":[],"be_disease":[],"be_general":[],"be_media_type":[],"class_list":["post-140","post","type-post","status-publish","format-standard","hentry","category-sin-categoria"],"acf":[],"_links":{"self":[{"href":"https:\/\/www.somospacientes.com\/el-sitio-de-martina\/wp-json\/wp\/v2\/posts\/140","targetHints":{"allow":["GET"]}}],"collection":[{"href":"https:\/\/www.somospacientes.com\/el-sitio-de-martina\/wp-json\/wp\/v2\/posts"}],"about":[{"href":"https:\/\/www.somospacientes.com\/el-sitio-de-martina\/wp-json\/wp\/v2\/types\/post"}],"author":[{"embeddable":true,"href":"https:\/\/www.somospacientes.com\/el-sitio-de-martina\/wp-json\/wp\/v2\/users\/28"}],"replies":[{"embeddable":true,"href":"https:\/\/www.somospacientes.com\/el-sitio-de-martina\/wp-json\/wp\/v2\/comments?post=140"}],"version-history":[{"count":5,"href":"https:\/\/www.somospacientes.com\/el-sitio-de-martina\/wp-json\/wp\/v2\/posts\/140\/revisions"}],"predecessor-version":[{"id":144,"href":"https:\/\/www.somospacientes.com\/el-sitio-de-martina\/wp-json\/wp\/v2\/posts\/140\/revisions\/144"}],"wp:attachment":[{"href":"https:\/\/www.somospacientes.com\/el-sitio-de-martina\/wp-json\/wp\/v2\/media?parent=140"}],"wp:term":[{"taxonomy":"category","embeddable":true,"href":"https:\/\/www.somospacientes.com\/el-sitio-de-martina\/wp-json\/wp\/v2\/categories?post=140"},{"taxonomy":"post_tag","embeddable":true,"href":"https:\/\/www.somospacientes.com\/el-sitio-de-martina\/wp-json\/wp\/v2\/tags?post=140"},{"taxonomy":"be_disease","embeddable":true,"href":"https:\/\/www.somospacientes.com\/el-sitio-de-martina\/wp-json\/wp\/v2\/be_disease?post=140"},{"taxonomy":"be_general","embeddable":true,"href":"https:\/\/www.somospacientes.com\/el-sitio-de-martina\/wp-json\/wp\/v2\/be_general?post=140"},{"taxonomy":"be_media_type","embeddable":true,"href":"https:\/\/www.somospacientes.com\/el-sitio-de-martina\/wp-json\/wp\/v2\/be_media_type?post=140"}],"curies":[{"name":"wp","href":"https:\/\/api.w.org\/{rel}","templated":true}]}}