{"id":149,"date":"2012-05-25T12:28:07","date_gmt":"2012-05-25T10:28:07","guid":{"rendered":"https:\/\/www.somospacientes.com\/el-sitio-de-martina\/?p=149"},"modified":"2012-06-04T10:06:21","modified_gmt":"2012-06-04T08:06:21","slug":"entre-trauma-y-trauma-cardio-y-mas","status":"publish","type":"post","link":"https:\/\/www.somospacientes.com\/el-sitio-de-martina\/noticias\/sin-categoria\/entre-trauma-y-trauma-cardio-y-mas\/","title":{"rendered":"Entre Trauma y Trauma&#8230;, Cardio y m\u00e1s"},"content":{"rendered":"<p><a href=\"https:\/\/www.somospacientes.com\/el-sitio-de-martina\/files\/2012\/05\/Imagen-Capitulo-VII.jpg\"><img loading=\"lazy\" decoding=\"async\" class=\"alignleft size-medium wp-image-150\" title=\"Imagen Capitulo VII\" src=\"https:\/\/www.somospacientes.com\/el-sitio-de-martina\/files\/2012\/05\/Imagen-Capitulo-VII-300x179.jpg\" alt=\"\" width=\"300\" height=\"179\" srcset=\"https:\/\/www.somospacientes.com\/el-sitio-de-martina\/files\/2012\/05\/Imagen-Capitulo-VII-300x179.jpg 300w, https:\/\/www.somospacientes.com\/el-sitio-de-martina\/files\/2012\/05\/Imagen-Capitulo-VII-1024x612.jpg 1024w, https:\/\/www.somospacientes.com\/el-sitio-de-martina\/files\/2012\/05\/Imagen-Capitulo-VII-50x29.jpg 50w, https:\/\/www.somospacientes.com\/el-sitio-de-martina\/files\/2012\/05\/Imagen-Capitulo-VII-150x89.jpg 150w, https:\/\/www.somospacientes.com\/el-sitio-de-martina\/files\/2012\/05\/Imagen-Capitulo-VII-85x50.jpg 85w, https:\/\/www.somospacientes.com\/el-sitio-de-martina\/files\/2012\/05\/Imagen-Capitulo-VII-125x74.jpg 125w, https:\/\/www.somospacientes.com\/el-sitio-de-martina\/files\/2012\/05\/Imagen-Capitulo-VII-630x376.jpg 630w\" sizes=\"auto, (max-width: 300px) 100vw, 300px\" \/><\/a><\/p>\n<p>No todo eran consultas de traumatolog\u00eda, las <strong>consultas en cardiolog\u00eda<\/strong> tambi\u00e9n se iban sucediendo.<\/p>\n<p>Cuando acudimos a la consulta que tuvimos a mediados de 2010, nos llevamos una muy grata sorpresa. Tras la ecocardiograf\u00eda de rigor, nos comunican que <strong>las dos CIV\u00b4s con las que Martina naci\u00f3 cerraron de forma espont\u00e1nea<\/strong>. Esto no sabemos en qu\u00e9 porcentaje de casos suele ocurrir, pero sabemos que ocurre.<\/p>\n<p>De igual forma nos comunican que la presi\u00f3n pulmonar<br \/>\nempezar\u00eda a caer y que en unos meses alcanzar\u00e1 valores m\u00e1s normales. No obstante seguir\u00edan vigilando su evoluci\u00f3n dado que la CIA continuaba como al principio e incluso algo m\u00e1s amplia, dando a entender que su cierre habr\u00eda que realizarlo en quir\u00f3fano. Fue en esta visita cuando <strong>nos empezaron a hablar de un posible caso de S\u00edndrome Holt Oram<\/strong>.<!--more--><\/p>\n<p>Entre tanto, y pendientes de como afrontar\u00edamos la factura generada por operar a Martina en Barcelona, solicitamos cita para el quir\u00f3fano\u2026., siempre pod\u00edamos anularlo. Visitamos a otra especialista en miembros superiores en la ciudad de Sevilla, en este caso <strong>el resultado fue el mismo que en la consulta de Madrid<\/strong>: \u00abAmputamos el pulgar, pulgarizamos el \u00edndice y con la mano izquierda ya veremos qu\u00e9 hacemos\u00bb.<\/p>\n<p>Y en M\u00e1laga nos vimos, para concretar varios cabos sueltos, con el traumat\u00f3logo que estuvo presente en la consulta de Barcelona. No solo no concretamos nada\u2026., <strong>tambi\u00e9n nos cobr\u00f3, en dos ocasiones, a cambio de nada nuevo<\/strong>.<\/p>\n<p>Un allegado nuestro, traumat\u00f3logo cirujano pero no especialista en manos, que entre otros lugares trabaja en el Hospital Materno-Infantil de M\u00e1laga, nos dijo: <strong>\u00abOjito en manos de quien pon\u00e9is a vuestra hija<\/strong>. Nadie os puede garantizar una operaci\u00f3n exitosa y tampoco os pueden empujar a, cuanto antes, reservar un quir\u00f3fano. Tampoco una abultada factura os garantiza absolutamente nada y si en M\u00e1laga no os pueden ayudar ya os derivar\u00e1n\u00bb.<\/p>\n<p>Este comentario nos sirvi\u00f3 de freno y empezamos a pensar que cualquier desembolso para mejorar la calidad de vida de una hija est\u00e1 justificado, pero <strong>ese desembolso debe estar acompa\u00f1ado de una contrapartida cierta<\/strong>\u2026., no todo vale y hay que andarse con mucho cuidado.<\/p>\n<p>A la semana siguiente nos presentaron a <strong>la persona que cambiar\u00eda nuestras vidas<\/strong>.<\/p>\n","protected":false},"excerpt":{"rendered":"<p>No todo eran consultas de traumatolog\u00eda, las consultas en cardiolog\u00eda tambi\u00e9n se iban sucediendo. Cuando acudimos a la consulta que tuvimos a mediados de 2010, nos llevamos una muy grata sorpresa. Tras la ecocardiograf\u00eda de rigor, nos comunican que las dos CIV\u00b4s con las que Martina naci\u00f3 cerraron de forma espont\u00e1nea. Esto no sabemos en [&hellip;]<\/p>\n","protected":false},"author":28,"featured_media":150,"comment_status":"open","ping_status":"open","sticky":false,"template":"","format":"standard","meta":{"_acf_changed":false,"footnotes":""},"categories":[1],"tags":[],"be_disease":[],"be_general":[],"be_media_type":[],"class_list":["post-149","post","type-post","status-publish","format-standard","has-post-thumbnail","hentry","category-sin-categoria"],"acf":[],"_links":{"self":[{"href":"https:\/\/www.somospacientes.com\/el-sitio-de-martina\/wp-json\/wp\/v2\/posts\/149","targetHints":{"allow":["GET"]}}],"collection":[{"href":"https:\/\/www.somospacientes.com\/el-sitio-de-martina\/wp-json\/wp\/v2\/posts"}],"about":[{"href":"https:\/\/www.somospacientes.com\/el-sitio-de-martina\/wp-json\/wp\/v2\/types\/post"}],"author":[{"embeddable":true,"href":"https:\/\/www.somospacientes.com\/el-sitio-de-martina\/wp-json\/wp\/v2\/users\/28"}],"replies":[{"embeddable":true,"href":"https:\/\/www.somospacientes.com\/el-sitio-de-martina\/wp-json\/wp\/v2\/comments?post=149"}],"version-history":[{"count":3,"href":"https:\/\/www.somospacientes.com\/el-sitio-de-martina\/wp-json\/wp\/v2\/posts\/149\/revisions"}],"predecessor-version":[{"id":152,"href":"https:\/\/www.somospacientes.com\/el-sitio-de-martina\/wp-json\/wp\/v2\/posts\/149\/revisions\/152"}],"wp:featuredmedia":[{"embeddable":true,"href":"https:\/\/www.somospacientes.com\/el-sitio-de-martina\/wp-json\/wp\/v2\/media\/150"}],"wp:attachment":[{"href":"https:\/\/www.somospacientes.com\/el-sitio-de-martina\/wp-json\/wp\/v2\/media?parent=149"}],"wp:term":[{"taxonomy":"category","embeddable":true,"href":"https:\/\/www.somospacientes.com\/el-sitio-de-martina\/wp-json\/wp\/v2\/categories?post=149"},{"taxonomy":"post_tag","embeddable":true,"href":"https:\/\/www.somospacientes.com\/el-sitio-de-martina\/wp-json\/wp\/v2\/tags?post=149"},{"taxonomy":"be_disease","embeddable":true,"href":"https:\/\/www.somospacientes.com\/el-sitio-de-martina\/wp-json\/wp\/v2\/be_disease?post=149"},{"taxonomy":"be_general","embeddable":true,"href":"https:\/\/www.somospacientes.com\/el-sitio-de-martina\/wp-json\/wp\/v2\/be_general?post=149"},{"taxonomy":"be_media_type","embeddable":true,"href":"https:\/\/www.somospacientes.com\/el-sitio-de-martina\/wp-json\/wp\/v2\/be_media_type?post=149"}],"curies":[{"name":"wp","href":"https:\/\/api.w.org\/{rel}","templated":true}]}}