{"id":153,"date":"2012-06-01T10:38:08","date_gmt":"2012-06-01T08:38:08","guid":{"rendered":"https:\/\/www.somospacientes.com\/el-sitio-de-martina\/?p=153"},"modified":"2012-06-04T10:06:35","modified_gmt":"2012-06-04T08:06:35","slug":"una-grata-sorpresa","status":"publish","type":"post","link":"https:\/\/www.somospacientes.com\/el-sitio-de-martina\/noticias\/sin-categoria\/una-grata-sorpresa\/","title":{"rendered":"Una grata sorpresa"},"content":{"rendered":"<p>Un d\u00eda acudimos a la que <strong><a href=\"https:\/\/www.somospacientes.com\/el-sitio-de-martina\/files\/2012\/06\/Imagen-Capitulo-VIII.jpg\"><img loading=\"lazy\" decoding=\"async\" class=\"alignleft size-medium wp-image-154\" title=\"Imagen Capitulo VIII\" src=\"https:\/\/www.somospacientes.com\/el-sitio-de-martina\/files\/2012\/06\/Imagen-Capitulo-VIII-300x200.jpg\" alt=\"\" width=\"300\" height=\"200\" srcset=\"https:\/\/www.somospacientes.com\/el-sitio-de-martina\/files\/2012\/06\/Imagen-Capitulo-VIII-300x200.jpg 300w, https:\/\/www.somospacientes.com\/el-sitio-de-martina\/files\/2012\/06\/Imagen-Capitulo-VIII-1024x685.jpg 1024w, https:\/\/www.somospacientes.com\/el-sitio-de-martina\/files\/2012\/06\/Imagen-Capitulo-VIII-50x33.jpg 50w, https:\/\/www.somospacientes.com\/el-sitio-de-martina\/files\/2012\/06\/Imagen-Capitulo-VIII-150x100.jpg 150w, https:\/\/www.somospacientes.com\/el-sitio-de-martina\/files\/2012\/06\/Imagen-Capitulo-VIII-85x56.jpg 85w, https:\/\/www.somospacientes.com\/el-sitio-de-martina\/files\/2012\/06\/Imagen-Capitulo-VIII-125x83.jpg 125w, https:\/\/www.somospacientes.com\/el-sitio-de-martina\/files\/2012\/06\/Imagen-Capitulo-VIII-630x421.jpg 630w\" sizes=\"auto, (max-width: 300px) 100vw, 300px\" \/><\/a><\/strong>pod\u00eda haber sido una consulta m\u00e1s. Llegamos a traumatolog\u00eda con la intenci\u00f3n de conocer <strong>qu\u00e9 soluciones encontraban al problema de Martina<\/strong> y poner en conocimiento del equipo de traumat\u00f3logos el camino que hab\u00edamos iniciado buscando un especialista suficientemente decidido y cualificado.<\/p>\n<p>Ese d\u00eda nos llevamos la <strong><\/strong>sorpresa de conocer a las doctoras Irene de G\u00e1lvez y Esther D\u00edaz de las cuales no ten\u00edamos noticias hasta el momento. Fue la Dra. De G\u00e1lvez la que nos puso al tanto de las necesidades y las posibilidades para que nuestra hija tuviera unas manos suficientemente funcionales el d\u00eda de ma\u00f1ana\u2026., <strong>la est\u00e9tica quedaba en un m\u00e1s que evidente segundo plano<\/strong>. L\u00f3gicamente esa no era nuestra principal preocupaci\u00f3n.<!--more--><\/p>\n<p>Dado que era el primer d\u00eda que ve\u00eda a Martina, la doctora comenz\u00f3 la rutina para ver las particularidades de sus manos. Finalizado esto nos puso al corriente de que <strong>no nos enfrent\u00e1bamos a una intervenci\u00f3n, sino a dos y seguramente a m\u00e1s<\/strong>. Esto empezaba a perfilarse como algo que durar\u00eda a\u00f1os y siempre encaminado a un \u00fanico fin\u2026., la funcionalidad como meta principal. Para ello, en lenguaje de la calle, deb\u00edan acortar los pulgares, rotarlos, reubicar el pulgar derecho\u2026., y eso ser\u00eda solo el principio.<\/p>\n<p>Para finalizar la consulta nos dijo que al t\u00e9rmino del verano Martina entrar\u00eda en quir\u00f3fano para operarle una de sus manos, probablemente la izquierda, y no mucho m\u00e1s adelante volver\u00eda a ser intervenida para operar la derecha. Nos marchamos de la consulta con la petici\u00f3n de la Dra. De G\u00e1lvez de que le procur\u00e1semos fotos y videos de nuestra peque\u00f1a cogiendo objetos para de esa forma tener im\u00e1genes de <strong>c\u00f3mo se desenvuelve en su entorno y sin extra\u00f1os<\/strong>.<\/p>\n<p>Adem\u00e1s de la petici\u00f3n de la doctora, nos \u00edbamos con la sensaci\u00f3n de haber tenido la<strong> gran suerte de encontrar a una gran profesional<\/strong> y de haberla encontrado en nuestra ciudad de origen, rodeados de nuestras respectivas familias y amigos.<\/p>\n","protected":false},"excerpt":{"rendered":"<p>Un d\u00eda acudimos a la que pod\u00eda haber sido una consulta m\u00e1s. Llegamos a traumatolog\u00eda con la intenci\u00f3n de conocer qu\u00e9 soluciones encontraban al problema de Martina y poner en conocimiento del equipo de traumat\u00f3logos el camino que hab\u00edamos iniciado buscando un especialista suficientemente decidido y cualificado. Ese d\u00eda nos llevamos la sorpresa de conocer [&hellip;]<\/p>\n","protected":false},"author":28,"featured_media":154,"comment_status":"open","ping_status":"open","sticky":false,"template":"","format":"standard","meta":{"_acf_changed":false,"footnotes":""},"categories":[1],"tags":[],"be_disease":[],"be_general":[],"be_media_type":[],"class_list":["post-153","post","type-post","status-publish","format-standard","has-post-thumbnail","hentry","category-sin-categoria"],"acf":[],"_links":{"self":[{"href":"https:\/\/www.somospacientes.com\/el-sitio-de-martina\/wp-json\/wp\/v2\/posts\/153","targetHints":{"allow":["GET"]}}],"collection":[{"href":"https:\/\/www.somospacientes.com\/el-sitio-de-martina\/wp-json\/wp\/v2\/posts"}],"about":[{"href":"https:\/\/www.somospacientes.com\/el-sitio-de-martina\/wp-json\/wp\/v2\/types\/post"}],"author":[{"embeddable":true,"href":"https:\/\/www.somospacientes.com\/el-sitio-de-martina\/wp-json\/wp\/v2\/users\/28"}],"replies":[{"embeddable":true,"href":"https:\/\/www.somospacientes.com\/el-sitio-de-martina\/wp-json\/wp\/v2\/comments?post=153"}],"version-history":[{"count":3,"href":"https:\/\/www.somospacientes.com\/el-sitio-de-martina\/wp-json\/wp\/v2\/posts\/153\/revisions"}],"predecessor-version":[{"id":156,"href":"https:\/\/www.somospacientes.com\/el-sitio-de-martina\/wp-json\/wp\/v2\/posts\/153\/revisions\/156"}],"wp:featuredmedia":[{"embeddable":true,"href":"https:\/\/www.somospacientes.com\/el-sitio-de-martina\/wp-json\/wp\/v2\/media\/154"}],"wp:attachment":[{"href":"https:\/\/www.somospacientes.com\/el-sitio-de-martina\/wp-json\/wp\/v2\/media?parent=153"}],"wp:term":[{"taxonomy":"category","embeddable":true,"href":"https:\/\/www.somospacientes.com\/el-sitio-de-martina\/wp-json\/wp\/v2\/categories?post=153"},{"taxonomy":"post_tag","embeddable":true,"href":"https:\/\/www.somospacientes.com\/el-sitio-de-martina\/wp-json\/wp\/v2\/tags?post=153"},{"taxonomy":"be_disease","embeddable":true,"href":"https:\/\/www.somospacientes.com\/el-sitio-de-martina\/wp-json\/wp\/v2\/be_disease?post=153"},{"taxonomy":"be_general","embeddable":true,"href":"https:\/\/www.somospacientes.com\/el-sitio-de-martina\/wp-json\/wp\/v2\/be_general?post=153"},{"taxonomy":"be_media_type","embeddable":true,"href":"https:\/\/www.somospacientes.com\/el-sitio-de-martina\/wp-json\/wp\/v2\/be_media_type?post=153"}],"curies":[{"name":"wp","href":"https:\/\/api.w.org\/{rel}","templated":true}]}}