{"id":168,"date":"2012-06-15T10:08:49","date_gmt":"2012-06-15T08:08:49","guid":{"rendered":"https:\/\/www.somospacientes.com\/el-sitio-de-martina\/?p=168"},"modified":"2012-06-22T10:35:05","modified_gmt":"2012-06-22T08:35:05","slug":"la-primera-intervencion","status":"publish","type":"post","link":"https:\/\/www.somospacientes.com\/el-sitio-de-martina\/noticias\/sin-categoria\/la-primera-intervencion\/","title":{"rendered":"La primera intervenci\u00f3n"},"content":{"rendered":"<p><a href=\"https:\/\/www.somospacientes.com\/el-sitio-de-martina\/files\/2012\/06\/Imagen-Capitulo-X.jpg\"><img loading=\"lazy\" decoding=\"async\" class=\"alignleft size-medium wp-image-169\" title=\"Imagen Capitulo X\" src=\"https:\/\/www.somospacientes.com\/el-sitio-de-martina\/files\/2012\/06\/Imagen-Capitulo-X-300x225.jpg\" alt=\"\" width=\"300\" height=\"225\" srcset=\"https:\/\/www.somospacientes.com\/el-sitio-de-martina\/files\/2012\/06\/Imagen-Capitulo-X-300x225.jpg 300w, https:\/\/www.somospacientes.com\/el-sitio-de-martina\/files\/2012\/06\/Imagen-Capitulo-X-1024x768.jpg 1024w, https:\/\/www.somospacientes.com\/el-sitio-de-martina\/files\/2012\/06\/Imagen-Capitulo-X-50x37.jpg 50w, https:\/\/www.somospacientes.com\/el-sitio-de-martina\/files\/2012\/06\/Imagen-Capitulo-X-150x112.jpg 150w, https:\/\/www.somospacientes.com\/el-sitio-de-martina\/files\/2012\/06\/Imagen-Capitulo-X-85x63.jpg 85w, https:\/\/www.somospacientes.com\/el-sitio-de-martina\/files\/2012\/06\/Imagen-Capitulo-X-125x93.jpg 125w, https:\/\/www.somospacientes.com\/el-sitio-de-martina\/files\/2012\/06\/Imagen-Capitulo-X-191x143.jpg 191w, https:\/\/www.somospacientes.com\/el-sitio-de-martina\/files\/2012\/06\/Imagen-Capitulo-X-630x472.jpg 630w, https:\/\/www.somospacientes.com\/el-sitio-de-martina\/files\/2012\/06\/Imagen-Capitulo-X-141x106.jpg 141w\" sizes=\"auto, (max-width: 300px) 100vw, 300px\" \/><\/a>La primera semana de Octubre recibimos la llamada de tel\u00e9fono que nos comunic\u00f3 que Martina entrar\u00eda en quir\u00f3fano el d\u00eda 13 del mismo mes. <strong>Ya ten\u00edamos fecha para aquello por lo que tanto hab\u00edamos batallado<\/strong> y no supon\u00eda m\u00e1s que iniciar el largo camino que arreglar\u00eda a nuestra peque\u00f1a los errores \u00f3seos cometidos por la gen\u00e9tica.<\/p>\n<p>Tras la llamada llegaron momentos de<strong> ilusi\u00f3n, confusi\u00f3n, nervios&#8230;, incluso alguna que otra lagrimilla<\/strong> provocada por el miedo y la evidente alegr\u00eda.<\/p>\n<p>Los d\u00edas pasaban r\u00e1pidamente y los preparativos se suced\u00edan. La familia debi\u00f3 redoblar esfuerzos dado que Martina y Andrea no asistir\u00edan a la guarder\u00eda; <strong>la intenci\u00f3n era evitar que contrajeran alg\u00fan virus<\/strong>, cosa habitual en las guarder\u00edas, que provocase un resfriado y la consiguiente anulaci\u00f3n del quir\u00f3fano.<\/p>\n<p><!--more-->El d\u00eda previsto, Martina ingres\u00f3 a las siete de la ma\u00f1ana. Nos asignaron habitaci\u00f3n, cama y comenz\u00f3 la espera del celador que nos acompa\u00f1ar\u00eda a la antesala. Pasada media hora aproximadamente la introdujeron en quir\u00f3fano para que la Dra. De G\u00e1lvez y la Dra. D\u00edaz empezaran a <strong>dar forma a las manos de Martina y a nuestros deseos<\/strong>.<\/p>\n<p>Los minutos parec\u00edan horas y las horas no pasaban&#8230;; dos horas y media dur\u00f3 la intervenci\u00f3n. Al final de la operaci\u00f3n, la Dra. de G\u00e1lvez sali\u00f3 a contarnos el desarrollo y lo ocurrido, y fue cuando nos comunic\u00f3 que operaron ambas manos puesto que al terminar con la mano izquierda vieron que ten\u00edan tiempo y energ\u00edas suficientes para operar la derecha&#8230;; <strong>as\u00ed le ahorrar\u00edan una entrada extra en quir\u00f3fano<\/strong> y la pr\u00f3xima vez que entrara no ser\u00eda para sentar unas bases sobre la mano derecha, sino para obtener mayores y certeros resultados.<\/p>\n<p>Tras la intervenci\u00f3n hubo dos d\u00edas de ingreso y tras estos d\u00edas marchamos a casa con la necesaria prescripci\u00f3n de\u00a0 analg\u00e9sicos y m\u00e1s. Como tenia ambas manos vendadas desde los dedos hasta los codos, hab\u00eda que vigilar la coloraci\u00f3n de la punta de los dedos y por supuesto mucho cuidado con posibles golpes, <strong>cu\u00e9ntale eso a una ni\u00f1a que est\u00e1 aprendiendo a andar<\/strong>, y nada de que se mojen los ap\u00f3sitos.<\/p>\n<p>Hemos de reconocer que muchos adultos no somos capaces de atravesar tal tramite con el <strong>nivel de fortaleza y serenidad que Martina mostr\u00f3<\/strong> en todo momento.<\/p>\n","protected":false},"excerpt":{"rendered":"<p>La primera semana de Octubre recibimos la llamada de tel\u00e9fono que nos comunic\u00f3 que Martina entrar\u00eda en quir\u00f3fano el d\u00eda 13 del mismo mes. Ya ten\u00edamos fecha para aquello por lo que tanto hab\u00edamos batallado y no supon\u00eda m\u00e1s que iniciar el largo camino que arreglar\u00eda a nuestra peque\u00f1a los errores \u00f3seos cometidos por la [&hellip;]<\/p>\n","protected":false},"author":28,"featured_media":169,"comment_status":"open","ping_status":"open","sticky":false,"template":"","format":"standard","meta":{"_acf_changed":false,"footnotes":""},"categories":[1],"tags":[],"be_disease":[],"be_general":[],"be_media_type":[],"class_list":["post-168","post","type-post","status-publish","format-standard","has-post-thumbnail","hentry","category-sin-categoria"],"acf":[],"_links":{"self":[{"href":"https:\/\/www.somospacientes.com\/el-sitio-de-martina\/wp-json\/wp\/v2\/posts\/168","targetHints":{"allow":["GET"]}}],"collection":[{"href":"https:\/\/www.somospacientes.com\/el-sitio-de-martina\/wp-json\/wp\/v2\/posts"}],"about":[{"href":"https:\/\/www.somospacientes.com\/el-sitio-de-martina\/wp-json\/wp\/v2\/types\/post"}],"author":[{"embeddable":true,"href":"https:\/\/www.somospacientes.com\/el-sitio-de-martina\/wp-json\/wp\/v2\/users\/28"}],"replies":[{"embeddable":true,"href":"https:\/\/www.somospacientes.com\/el-sitio-de-martina\/wp-json\/wp\/v2\/comments?post=168"}],"version-history":[{"count":3,"href":"https:\/\/www.somospacientes.com\/el-sitio-de-martina\/wp-json\/wp\/v2\/posts\/168\/revisions"}],"predecessor-version":[{"id":179,"href":"https:\/\/www.somospacientes.com\/el-sitio-de-martina\/wp-json\/wp\/v2\/posts\/168\/revisions\/179"}],"wp:featuredmedia":[{"embeddable":true,"href":"https:\/\/www.somospacientes.com\/el-sitio-de-martina\/wp-json\/wp\/v2\/media\/169"}],"wp:attachment":[{"href":"https:\/\/www.somospacientes.com\/el-sitio-de-martina\/wp-json\/wp\/v2\/media?parent=168"}],"wp:term":[{"taxonomy":"category","embeddable":true,"href":"https:\/\/www.somospacientes.com\/el-sitio-de-martina\/wp-json\/wp\/v2\/categories?post=168"},{"taxonomy":"post_tag","embeddable":true,"href":"https:\/\/www.somospacientes.com\/el-sitio-de-martina\/wp-json\/wp\/v2\/tags?post=168"},{"taxonomy":"be_disease","embeddable":true,"href":"https:\/\/www.somospacientes.com\/el-sitio-de-martina\/wp-json\/wp\/v2\/be_disease?post=168"},{"taxonomy":"be_general","embeddable":true,"href":"https:\/\/www.somospacientes.com\/el-sitio-de-martina\/wp-json\/wp\/v2\/be_general?post=168"},{"taxonomy":"be_media_type","embeddable":true,"href":"https:\/\/www.somospacientes.com\/el-sitio-de-martina\/wp-json\/wp\/v2\/be_media_type?post=168"}],"curies":[{"name":"wp","href":"https:\/\/api.w.org\/{rel}","templated":true}]}}