{"id":180,"date":"2012-06-29T10:27:35","date_gmt":"2012-06-29T08:27:35","guid":{"rendered":"https:\/\/www.somospacientes.com\/el-sitio-de-martina\/?p=180"},"modified":"2012-07-09T12:54:00","modified_gmt":"2012-07-09T10:54:00","slug":"finaliza-2010-un-duro-ano","status":"publish","type":"post","link":"https:\/\/www.somospacientes.com\/el-sitio-de-martina\/noticias\/sin-categoria\/finaliza-2010-un-duro-ano\/","title":{"rendered":"Finaliza 2010, un duro a\u00f1o"},"content":{"rendered":"<p><a href=\"https:\/\/www.somospacientes.com\/el-sitio-de-martina\/files\/2012\/06\/Imagen-Capitulo-XII.jpg\"><img loading=\"lazy\" decoding=\"async\" class=\"alignleft size-medium wp-image-181\" title=\"Imagen Capitulo XII\" src=\"https:\/\/www.somospacientes.com\/el-sitio-de-martina\/files\/2012\/06\/Imagen-Capitulo-XII-300x156.jpg\" alt=\"\" width=\"300\" height=\"156\" srcset=\"https:\/\/www.somospacientes.com\/el-sitio-de-martina\/files\/2012\/06\/Imagen-Capitulo-XII-300x156.jpg 300w, https:\/\/www.somospacientes.com\/el-sitio-de-martina\/files\/2012\/06\/Imagen-Capitulo-XII-1024x532.jpg 1024w, https:\/\/www.somospacientes.com\/el-sitio-de-martina\/files\/2012\/06\/Imagen-Capitulo-XII-50x26.jpg 50w, https:\/\/www.somospacientes.com\/el-sitio-de-martina\/files\/2012\/06\/Imagen-Capitulo-XII-150x78.jpg 150w, https:\/\/www.somospacientes.com\/el-sitio-de-martina\/files\/2012\/06\/Imagen-Capitulo-XII-85x44.jpg 85w, https:\/\/www.somospacientes.com\/el-sitio-de-martina\/files\/2012\/06\/Imagen-Capitulo-XII-125x65.jpg 125w, https:\/\/www.somospacientes.com\/el-sitio-de-martina\/files\/2012\/06\/Imagen-Capitulo-XII-630x327.jpg 630w\" sizes=\"auto, (max-width: 300px) 100vw, 300px\" \/><\/a>Antes de que acabara 2010, Andrea ya hac\u00eda d\u00edas que asist\u00eda a la guarder\u00eda. Martina lo hizo m\u00e1s tarde debido a su recuperaci\u00f3n. Una vez incorporadas las dos, fue cuando dimos por cerrado el primer cap\u00edtulo. <strong>Ten\u00edamos a nuestras peque\u00f1as haciendo las cosas que deben hacer los ni\u00f1os de su edad<\/strong> y nosotros pudimos seguir con nuestra rutina diaria.<\/p>\n<p>Inmersos ya en cierta normalidad, un d\u00eda observamos que a Martina le <strong>apareci\u00f3 una muy peque\u00f1a protuberancia en la punta de su pulgar derecho<\/strong>, esto nos hizo acudir a que la viera su cirujana. Conclusi\u00f3n&#8230;, la aguja parece que se ha movido y pretende salir. Pocos d\u00edas pasaron cuando la aguja empez\u00f3 a asomar, abriendo de tal forma una v\u00eda de infecci\u00f3n la cual no tard\u00f3 en llegar. Antibi\u00f3ticos, vigilancia y en unas semanas ver\u00e1n que hacer.<\/p>\n<p><!--more-->Cuando acudimos a la consulta el d\u00eda correspondiente y tras revisar que la infecci\u00f3n cedi\u00f3, que la inflamaci\u00f3n desapareci\u00f3 y que la coloraci\u00f3n del dedo ya era la normal, la doctora pidi\u00f3 una cizalla a quir\u00f3fano. En cuesti\u00f3n de segundos <strong>cort\u00f3 el extremo de la aguja, igual que cuando cortamos un trozo de alambre o cable<\/strong> que nos sobra.<\/p>\n<p>Acabado el episodio de la infecci\u00f3n, Martina continu\u00f3 con la rehabilitaci\u00f3n dado que es su necesario complemento a la intervenci\u00f3n. Y como siempre <strong>hay que buscar un hueco para el ocio<\/strong>&#8230;, el d\u00eda de la foto encontramos ese hueco en el zoo.<\/p>\n<p>El camino andado hasta aqu\u00ed puede parecer en ocasiones ligero, pero la realidad es muy distinta. Para llegar al punto que relatamos son muchos d\u00edas de traj\u00edn en nuestra y en otras ciudades. Varios los especialistas vistos en distintas disciplinas. <strong>Innumerables las consultas a las que hemos asistido.<\/strong><\/p>\n<p>Muchas, much\u00edsimas noches que pasaban en blanco y que no serv\u00edan m\u00e1s que para dar vueltas a la cabeza. Alguna que otra hora pedida en nuestros respectivos trabajos donde, si bien no nos pon\u00edan trabas para asistir a las consultas, siempre <strong>nos recordaban muy sutilmente que nos hac\u00edan un gran favor<\/strong> y que ning\u00fan derecho nos asist\u00eda para acudir a las consultas necesarias las veces precisas.<\/p>\n<p>Tambi\u00e9n hubo <strong>alg\u00fan que otro mal momento vivido con Andrea<\/strong>&#8230;, los celos hacen su aparici\u00f3n dado que ella no entiende por qu\u00e9 con su hermana hay una atenci\u00f3n distinta.<\/p>\n<p>En definitiva y como os pod\u00e9is figurar lo que aqu\u00ed leeis <strong>no es m\u00e1s que la punta del iceberg<\/strong>.<\/p>\n","protected":false},"excerpt":{"rendered":"<p>Antes de que acabara 2010, Andrea ya hac\u00eda d\u00edas que asist\u00eda a la guarder\u00eda. Martina lo hizo m\u00e1s tarde debido a su recuperaci\u00f3n. Una vez incorporadas las dos, fue cuando dimos por cerrado el primer cap\u00edtulo. Ten\u00edamos a nuestras peque\u00f1as haciendo las cosas que deben hacer los ni\u00f1os de su edad y nosotros pudimos seguir [&hellip;]<\/p>\n","protected":false},"author":28,"featured_media":181,"comment_status":"open","ping_status":"open","sticky":false,"template":"","format":"standard","meta":{"_acf_changed":false,"footnotes":""},"categories":[1],"tags":[],"be_disease":[],"be_general":[],"be_media_type":[],"class_list":["post-180","post","type-post","status-publish","format-standard","has-post-thumbnail","hentry","category-sin-categoria"],"acf":[],"_links":{"self":[{"href":"https:\/\/www.somospacientes.com\/el-sitio-de-martina\/wp-json\/wp\/v2\/posts\/180","targetHints":{"allow":["GET"]}}],"collection":[{"href":"https:\/\/www.somospacientes.com\/el-sitio-de-martina\/wp-json\/wp\/v2\/posts"}],"about":[{"href":"https:\/\/www.somospacientes.com\/el-sitio-de-martina\/wp-json\/wp\/v2\/types\/post"}],"author":[{"embeddable":true,"href":"https:\/\/www.somospacientes.com\/el-sitio-de-martina\/wp-json\/wp\/v2\/users\/28"}],"replies":[{"embeddable":true,"href":"https:\/\/www.somospacientes.com\/el-sitio-de-martina\/wp-json\/wp\/v2\/comments?post=180"}],"version-history":[{"count":3,"href":"https:\/\/www.somospacientes.com\/el-sitio-de-martina\/wp-json\/wp\/v2\/posts\/180\/revisions"}],"predecessor-version":[{"id":183,"href":"https:\/\/www.somospacientes.com\/el-sitio-de-martina\/wp-json\/wp\/v2\/posts\/180\/revisions\/183"}],"wp:featuredmedia":[{"embeddable":true,"href":"https:\/\/www.somospacientes.com\/el-sitio-de-martina\/wp-json\/wp\/v2\/media\/181"}],"wp:attachment":[{"href":"https:\/\/www.somospacientes.com\/el-sitio-de-martina\/wp-json\/wp\/v2\/media?parent=180"}],"wp:term":[{"taxonomy":"category","embeddable":true,"href":"https:\/\/www.somospacientes.com\/el-sitio-de-martina\/wp-json\/wp\/v2\/categories?post=180"},{"taxonomy":"post_tag","embeddable":true,"href":"https:\/\/www.somospacientes.com\/el-sitio-de-martina\/wp-json\/wp\/v2\/tags?post=180"},{"taxonomy":"be_disease","embeddable":true,"href":"https:\/\/www.somospacientes.com\/el-sitio-de-martina\/wp-json\/wp\/v2\/be_disease?post=180"},{"taxonomy":"be_general","embeddable":true,"href":"https:\/\/www.somospacientes.com\/el-sitio-de-martina\/wp-json\/wp\/v2\/be_general?post=180"},{"taxonomy":"be_media_type","embeddable":true,"href":"https:\/\/www.somospacientes.com\/el-sitio-de-martina\/wp-json\/wp\/v2\/be_media_type?post=180"}],"curies":[{"name":"wp","href":"https:\/\/api.w.org\/{rel}","templated":true}]}}