{"id":196,"date":"2012-07-20T10:16:01","date_gmt":"2012-07-20T08:16:01","guid":{"rendered":"https:\/\/www.somospacientes.com\/el-sitio-de-martina\/?p=196"},"modified":"2012-09-14T11:01:40","modified_gmt":"2012-09-14T09:01:40","slug":"segunda-intervencion","status":"publish","type":"post","link":"https:\/\/www.somospacientes.com\/el-sitio-de-martina\/noticias\/sin-categoria\/segunda-intervencion\/","title":{"rendered":"Segunda intervenci\u00f3n"},"content":{"rendered":"<p><strong><a href=\"https:\/\/www.somospacientes.com\/el-sitio-de-martina\/files\/2012\/07\/Imagen-Capitulo-XV.jpg\"><img loading=\"lazy\" decoding=\"async\" class=\"alignleft size-medium wp-image-197\" title=\"Imagen Capitulo XV\" src=\"https:\/\/www.somospacientes.com\/el-sitio-de-martina\/files\/2012\/07\/Imagen-Capitulo-XV-300x225.jpg\" alt=\"\" width=\"300\" height=\"225\" srcset=\"https:\/\/www.somospacientes.com\/el-sitio-de-martina\/files\/2012\/07\/Imagen-Capitulo-XV-300x225.jpg 300w, https:\/\/www.somospacientes.com\/el-sitio-de-martina\/files\/2012\/07\/Imagen-Capitulo-XV-50x37.jpg 50w, https:\/\/www.somospacientes.com\/el-sitio-de-martina\/files\/2012\/07\/Imagen-Capitulo-XV-150x112.jpg 150w, https:\/\/www.somospacientes.com\/el-sitio-de-martina\/files\/2012\/07\/Imagen-Capitulo-XV-85x63.jpg 85w, https:\/\/www.somospacientes.com\/el-sitio-de-martina\/files\/2012\/07\/Imagen-Capitulo-XV-125x93.jpg 125w, https:\/\/www.somospacientes.com\/el-sitio-de-martina\/files\/2012\/07\/Imagen-Capitulo-XV-191x143.jpg 191w, https:\/\/www.somospacientes.com\/el-sitio-de-martina\/files\/2012\/07\/Imagen-Capitulo-XV-630x472.jpg 630w, https:\/\/www.somospacientes.com\/el-sitio-de-martina\/files\/2012\/07\/Imagen-Capitulo-XV-141x106.jpg 141w, https:\/\/www.somospacientes.com\/el-sitio-de-martina\/files\/2012\/07\/Imagen-Capitulo-XV.jpg 800w\" sizes=\"auto, (max-width: 300px) 100vw, 300px\" \/><\/a><a href=\"https:\/\/www.somospacientes.com\/el-sitio-de-martina\/noticias\/sin-categoria\/la-primera-intervencion\/\" target=\"_blank\">Al igual que el a\u00f1o anterior<\/a><\/strong>, esta segunda intervenci\u00f3n se realizar\u00eda al acabar el verano, la \u00fanica diferencia es que se realiz\u00f3 antes de lo previsto.<\/p>\n<p>En esta ocasi\u00f3n solo necesitaban intervenir la mano derecha. El paso por quir\u00f3fano pretend\u00eda <strong>dotarle de un pulgar con la mayor libertad de movimiento y fuerza<\/strong> que le fuera posible, para esto utilizaron un tend\u00f3n com\u00fan del dedo anular y se lo donaron a su pulgar. Tambi\u00e9n se pretend\u00eda mejorar la posici\u00f3n, para lo cual habia que separar el dedo pulgar del \u00edndice y para ello deb\u00edan coger piel de su ingle y hacer el correspondiente injerto. Si bien no pretend\u00eda convertirse en la \u00faltima entrada en quir\u00f3fano, si se intentar\u00eda avanzar lo suficiente como para obtener grandes y vistosos resultados.<!--more--><\/p>\n<p>Dejamos a nuestra peque\u00f1a en la antesala de quir\u00f3fano a las nueve de la ma\u00f1ana. Pasaron las dos primeras horas, con sus correspondientes nervios, pero pasaron de forma llevadera. Pasada la una de la tarde ya qued\u00e1bamos pocos en la sala de espera y la habitaci\u00f3n parec\u00eda que menguaba. Acerc\u00e1ndonos a las cinco horas, cinco largas horas, <strong>en la sala de espera no qued\u00e1bamos m\u00e1s que nosotros<\/strong> y fuimos a la antesala de quir\u00f3fano a ver si nos pod\u00edan informar del desarrollo.<\/p>\n<p>Al rato nos dijeron que pudieron hablar con la doctora y que todo iba bien pero que estaba siendo <strong>muy laborioso y complicado<\/strong>, que segu\u00edan trabajando y que por el momento no cerrar\u00edan.<\/p>\n<p>A las seis horas nos avisaron de que todo termin\u00f3 y salieron las doctoras a ponernos al tanto. Aparentemente esta segunda intervenci\u00f3n <strong>fue nuevamente un gran \u00e9xito<\/strong>. Para poder realizar tan larga y complicada intervenci\u00f3n se debieron practicar seis incisiones, cinco en la mano y una en la ingle para el mencionado injerto.<\/p>\n<p>Ahora a ella le quedaba recuperarse de la anestesia y a nosotros <strong>recuperarnos de una muy dif\u00edcil ma\u00f1ana<\/strong> y<br \/>\nprepararnos para unos d\u00edas complicados.<\/p>\n","protected":false},"excerpt":{"rendered":"<p>Al igual que el a\u00f1o anterior, esta segunda intervenci\u00f3n se realizar\u00eda al acabar el verano, la \u00fanica diferencia es que se realiz\u00f3 antes de lo previsto. En esta ocasi\u00f3n solo necesitaban intervenir la mano derecha. El paso por quir\u00f3fano pretend\u00eda dotarle de un pulgar con la mayor libertad de movimiento y fuerza que le fuera [&hellip;]<\/p>\n","protected":false},"author":28,"featured_media":197,"comment_status":"open","ping_status":"open","sticky":false,"template":"","format":"standard","meta":{"_acf_changed":false,"footnotes":""},"categories":[1],"tags":[],"be_disease":[],"be_general":[],"be_media_type":[],"class_list":["post-196","post","type-post","status-publish","format-standard","has-post-thumbnail","hentry","category-sin-categoria"],"acf":[],"_links":{"self":[{"href":"https:\/\/www.somospacientes.com\/el-sitio-de-martina\/wp-json\/wp\/v2\/posts\/196","targetHints":{"allow":["GET"]}}],"collection":[{"href":"https:\/\/www.somospacientes.com\/el-sitio-de-martina\/wp-json\/wp\/v2\/posts"}],"about":[{"href":"https:\/\/www.somospacientes.com\/el-sitio-de-martina\/wp-json\/wp\/v2\/types\/post"}],"author":[{"embeddable":true,"href":"https:\/\/www.somospacientes.com\/el-sitio-de-martina\/wp-json\/wp\/v2\/users\/28"}],"replies":[{"embeddable":true,"href":"https:\/\/www.somospacientes.com\/el-sitio-de-martina\/wp-json\/wp\/v2\/comments?post=196"}],"version-history":[{"count":3,"href":"https:\/\/www.somospacientes.com\/el-sitio-de-martina\/wp-json\/wp\/v2\/posts\/196\/revisions"}],"predecessor-version":[{"id":199,"href":"https:\/\/www.somospacientes.com\/el-sitio-de-martina\/wp-json\/wp\/v2\/posts\/196\/revisions\/199"}],"wp:featuredmedia":[{"embeddable":true,"href":"https:\/\/www.somospacientes.com\/el-sitio-de-martina\/wp-json\/wp\/v2\/media\/197"}],"wp:attachment":[{"href":"https:\/\/www.somospacientes.com\/el-sitio-de-martina\/wp-json\/wp\/v2\/media?parent=196"}],"wp:term":[{"taxonomy":"category","embeddable":true,"href":"https:\/\/www.somospacientes.com\/el-sitio-de-martina\/wp-json\/wp\/v2\/categories?post=196"},{"taxonomy":"post_tag","embeddable":true,"href":"https:\/\/www.somospacientes.com\/el-sitio-de-martina\/wp-json\/wp\/v2\/tags?post=196"},{"taxonomy":"be_disease","embeddable":true,"href":"https:\/\/www.somospacientes.com\/el-sitio-de-martina\/wp-json\/wp\/v2\/be_disease?post=196"},{"taxonomy":"be_general","embeddable":true,"href":"https:\/\/www.somospacientes.com\/el-sitio-de-martina\/wp-json\/wp\/v2\/be_general?post=196"},{"taxonomy":"be_media_type","embeddable":true,"href":"https:\/\/www.somospacientes.com\/el-sitio-de-martina\/wp-json\/wp\/v2\/be_media_type?post=196"}],"curies":[{"name":"wp","href":"https:\/\/api.w.org\/{rel}","templated":true}]}}