{"id":201,"date":"2012-07-27T10:37:34","date_gmt":"2012-07-27T08:37:34","guid":{"rendered":"https:\/\/www.somospacientes.com\/el-sitio-de-martina\/?p=201"},"modified":"2012-09-14T11:02:03","modified_gmt":"2012-09-14T09:02:03","slug":"nuevo-postoperatorio","status":"publish","type":"post","link":"https:\/\/www.somospacientes.com\/el-sitio-de-martina\/noticias\/sin-categoria\/nuevo-postoperatorio\/","title":{"rendered":"Nuevo postoperatorio"},"content":{"rendered":"<p><a href=\"https:\/\/www.somospacientes.com\/el-sitio-de-martina\/files\/2012\/07\/Imagen-Capitulo-XVI.jpg\"><img loading=\"lazy\" decoding=\"async\" class=\"alignleft size-medium wp-image-202\" title=\"Imagen Capitulo XVI\" src=\"https:\/\/www.somospacientes.com\/el-sitio-de-martina\/files\/2012\/07\/Imagen-Capitulo-XVI-300x230.jpg\" alt=\"\" width=\"300\" height=\"230\" srcset=\"https:\/\/www.somospacientes.com\/el-sitio-de-martina\/files\/2012\/07\/Imagen-Capitulo-XVI-300x230.jpg 300w, https:\/\/www.somospacientes.com\/el-sitio-de-martina\/files\/2012\/07\/Imagen-Capitulo-XVI-1024x785.jpg 1024w, https:\/\/www.somospacientes.com\/el-sitio-de-martina\/files\/2012\/07\/Imagen-Capitulo-XVI-50x38.jpg 50w, https:\/\/www.somospacientes.com\/el-sitio-de-martina\/files\/2012\/07\/Imagen-Capitulo-XVI-150x115.jpg 150w, https:\/\/www.somospacientes.com\/el-sitio-de-martina\/files\/2012\/07\/Imagen-Capitulo-XVI-85x65.jpg 85w, https:\/\/www.somospacientes.com\/el-sitio-de-martina\/files\/2012\/07\/Imagen-Capitulo-XVI-125x95.jpg 125w, https:\/\/www.somospacientes.com\/el-sitio-de-martina\/files\/2012\/07\/Imagen-Capitulo-XVI-615x472.jpg 615w, https:\/\/www.somospacientes.com\/el-sitio-de-martina\/files\/2012\/07\/Imagen-Capitulo-XVI.jpg 1353w\" sizes=\"auto, (max-width: 300px) 100vw, 300px\" \/><\/a>Tras la segunda intervenci\u00f3n, Martina qued\u00f3 ingresada durante cinco d\u00edas. Los tres primeros lo hizo acompa\u00f1ada de una bomba la cual le suministraba antiinflamatorios y analg\u00e9sicos. Los dos d\u00edas restantes fueron m\u00e1s llevaderos, incluso pedia pasear por el pasillo de la planta, globo en mano, y <strong>a gritos y carcajadas despert\u00f3 a m\u00e1s de un ni\u00f1o<\/strong>. Tambi\u00e9n las\u00a0 visitas y alg\u00fan que otro regalillo hac\u00edan que despistara la atenci\u00f3n de su situaci\u00f3n.<\/p>\n<p>Entre medias de estos d\u00edas fue su cumplea\u00f1os y el de Andrea, evidentemente. Tuvimos la suerte de que dejaran a pasar a Andrea, cosa que no suelen dejar en los hospitales, para que viese a su hermana tal d\u00eda. Con la intenci\u00f3n de que ambas jugaran juntas un rato fuimos a la ludoteca del hospital la cual est\u00e1 gestionada por <a href=\"www.avoi.es\" target=\"_blank\">AVOI<\/a>. Son un grupo de voluntarios encargados de entretener a los peque\u00f1os all\u00ed ingresados. Como Andrea no estaba registrada como paciente no pod\u00eda pasar, pero con motivo del cumplea\u00f1os hicieron la vista gorda y nos dejaron un ratillo. Fue <strong>un momento muy bonito y dif\u00edcil<\/strong> a la vez.<!--more--><\/p>\n<p>Evidentemente en cualquier hospital siempre hay algo que incomoda y que, seg\u00fan puntos de vista, es mejorable, pero creo que <strong>podemos estar muy satisfechos con la atenci\u00f3n recibida<\/strong>. Y una vez m\u00e1s debemos resaltar que el trato y los cuidados a Martina por parte de sus doctoras fueron inigualables.<\/p>\n<p>Cuando le dieron de alta, llevaba prescrita la esperada dosis de metamizol, ibuprofeno\u2026, etc. Llevaba una f\u00e9rula de yeso que le manten\u00eda la mano en estudiada postura para favorecer resultados. Vendajes y f\u00e9rula los levantar\u00edan en tres semanas, <strong>hasta entonces seria una inc\u00f3gnita el aspecto de su pulgar y de su mano al completo<\/strong>. Durante esas tres semanas y a cada momento no pens\u00e1bamos en otra cosa que no fuera el d\u00eda que pudi\u00e9ramos ver el resultado de la intervenci\u00f3n.<\/p>\n<p>Al igual que toda labor, esta tambi\u00e9n va a tener un descanso. Os dejaremos unas semanas y tras ellas volveremos para contaros el resultado de esta intervenci\u00f3n y como se ha ido desarrollando todo hasta el d\u00eda de hoy. Evidentemente, antes de finalizar os queremos agradecer a todos el inter\u00e9s con el que nos leeis, <strong>los comentarios que nos haceis, los mails que nos enviais, las veces que nos compart\u00eds en las redes sociales<\/strong>; agradeceros en definitiva hasta el m\u00e1s m\u00ednimo gesto de aprobaci\u00f3n.<\/p>\n<p>Mil gracias por todo a todos.<\/p>\n","protected":false},"excerpt":{"rendered":"<p>Tras la segunda intervenci\u00f3n, Martina qued\u00f3 ingresada durante cinco d\u00edas. Los tres primeros lo hizo acompa\u00f1ada de una bomba la cual le suministraba antiinflamatorios y analg\u00e9sicos. Los dos d\u00edas restantes fueron m\u00e1s llevaderos, incluso pedia pasear por el pasillo de la planta, globo en mano, y a gritos y carcajadas despert\u00f3 a m\u00e1s de un [&hellip;]<\/p>\n","protected":false},"author":28,"featured_media":202,"comment_status":"open","ping_status":"open","sticky":false,"template":"","format":"standard","meta":{"_acf_changed":false,"footnotes":""},"categories":[1],"tags":[],"be_disease":[],"be_general":[],"be_media_type":[],"class_list":["post-201","post","type-post","status-publish","format-standard","has-post-thumbnail","hentry","category-sin-categoria"],"acf":[],"_links":{"self":[{"href":"https:\/\/www.somospacientes.com\/el-sitio-de-martina\/wp-json\/wp\/v2\/posts\/201","targetHints":{"allow":["GET"]}}],"collection":[{"href":"https:\/\/www.somospacientes.com\/el-sitio-de-martina\/wp-json\/wp\/v2\/posts"}],"about":[{"href":"https:\/\/www.somospacientes.com\/el-sitio-de-martina\/wp-json\/wp\/v2\/types\/post"}],"author":[{"embeddable":true,"href":"https:\/\/www.somospacientes.com\/el-sitio-de-martina\/wp-json\/wp\/v2\/users\/28"}],"replies":[{"embeddable":true,"href":"https:\/\/www.somospacientes.com\/el-sitio-de-martina\/wp-json\/wp\/v2\/comments?post=201"}],"version-history":[{"count":2,"href":"https:\/\/www.somospacientes.com\/el-sitio-de-martina\/wp-json\/wp\/v2\/posts\/201\/revisions"}],"predecessor-version":[{"id":211,"href":"https:\/\/www.somospacientes.com\/el-sitio-de-martina\/wp-json\/wp\/v2\/posts\/201\/revisions\/211"}],"wp:featuredmedia":[{"embeddable":true,"href":"https:\/\/www.somospacientes.com\/el-sitio-de-martina\/wp-json\/wp\/v2\/media\/202"}],"wp:attachment":[{"href":"https:\/\/www.somospacientes.com\/el-sitio-de-martina\/wp-json\/wp\/v2\/media?parent=201"}],"wp:term":[{"taxonomy":"category","embeddable":true,"href":"https:\/\/www.somospacientes.com\/el-sitio-de-martina\/wp-json\/wp\/v2\/categories?post=201"},{"taxonomy":"post_tag","embeddable":true,"href":"https:\/\/www.somospacientes.com\/el-sitio-de-martina\/wp-json\/wp\/v2\/tags?post=201"},{"taxonomy":"be_disease","embeddable":true,"href":"https:\/\/www.somospacientes.com\/el-sitio-de-martina\/wp-json\/wp\/v2\/be_disease?post=201"},{"taxonomy":"be_general","embeddable":true,"href":"https:\/\/www.somospacientes.com\/el-sitio-de-martina\/wp-json\/wp\/v2\/be_general?post=201"},{"taxonomy":"be_media_type","embeddable":true,"href":"https:\/\/www.somospacientes.com\/el-sitio-de-martina\/wp-json\/wp\/v2\/be_media_type?post=201"}],"curies":[{"name":"wp","href":"https:\/\/api.w.org\/{rel}","templated":true}]}}