{"id":204,"date":"2012-09-14T10:58:10","date_gmt":"2012-09-14T08:58:10","guid":{"rendered":"https:\/\/www.somospacientes.com\/el-sitio-de-martina\/?p=204"},"modified":"2012-09-14T10:58:10","modified_gmt":"2012-09-14T08:58:10","slug":"%c2%a1pulgar-recolocado","status":"publish","type":"post","link":"https:\/\/www.somospacientes.com\/el-sitio-de-martina\/noticias\/sin-categoria\/%c2%a1pulgar-recolocado\/","title":{"rendered":"\u00a1Pulgar recolocado!"},"content":{"rendered":"<p><a href=\"https:\/\/www.somospacientes.com\/el-sitio-de-martina\/files\/2012\/09\/Imagen-Capitulo-XVII.jpg\"><img loading=\"lazy\" decoding=\"async\" class=\"alignleft size-medium wp-image-205\" title=\"Imagen Capitulo XVII\" src=\"https:\/\/www.somospacientes.com\/el-sitio-de-martina\/files\/2012\/09\/Imagen-Capitulo-XVII-300x244.jpg\" alt=\"\" width=\"300\" height=\"244\" srcset=\"https:\/\/www.somospacientes.com\/el-sitio-de-martina\/files\/2012\/09\/Imagen-Capitulo-XVII-300x244.jpg 300w, https:\/\/www.somospacientes.com\/el-sitio-de-martina\/files\/2012\/09\/Imagen-Capitulo-XVII-1024x833.jpg 1024w, https:\/\/www.somospacientes.com\/el-sitio-de-martina\/files\/2012\/09\/Imagen-Capitulo-XVII-50x40.jpg 50w, https:\/\/www.somospacientes.com\/el-sitio-de-martina\/files\/2012\/09\/Imagen-Capitulo-XVII-150x122.jpg 150w, https:\/\/www.somospacientes.com\/el-sitio-de-martina\/files\/2012\/09\/Imagen-Capitulo-XVII-85x69.jpg 85w, https:\/\/www.somospacientes.com\/el-sitio-de-martina\/files\/2012\/09\/Imagen-Capitulo-XVII-125x101.jpg 125w, https:\/\/www.somospacientes.com\/el-sitio-de-martina\/files\/2012\/09\/Imagen-Capitulo-XVII-579x472.jpg 579w, https:\/\/www.somospacientes.com\/el-sitio-de-martina\/files\/2012\/09\/Imagen-Capitulo-XVII.jpg 1662w\" sizes=\"auto, (max-width: 300px) 100vw, 300px\" \/><\/a>Este segundo postoperatorio no iba a pasar sin contratiempos y alguna que otra visita hubo que hacer al hospital. Incluso <strong>se hizo necesario cambiar los ap\u00f3sitos<\/strong>, cosa menos f\u00e1cil cuando la mano est\u00e1 posicionada de forma estrat\u00e9gica. Algo tan simple se convirti\u00f3 en una delicada acci\u00f3n y oblig\u00f3 a que la f\u00e9rula se quedara una semana m\u00e1s.<\/p>\n<p>Entre tanto, y cuando ya pasaron las molestias iniciales, Martina se incorpor\u00f3 a su guarder\u00eda. Al igual que en el primer postoperatorio, todos necesit\u00e1bamos recuperar nuestra rutina. Durante estos d\u00edas nuestra peque\u00f1a no dejaba de sorprendernos mostr\u00e1ndonos d\u00eda tras d\u00eda <strong>c\u00f3mo se las ingeniaba para realizar acciones propias de su edad<\/strong>. Tambi\u00e9n nos sorprend\u00eda y mucho que nunca se quejara de ese yeso y ese vendaje.<!--more--><\/p>\n<p>Llego el d\u00eda en que deb\u00edan levantar vendas y retirar la f\u00e9rula. Expectaci\u00f3n, nervios e incluso necesidad de ver el aspecto de su nueva y peque\u00f1a mano. Fue <strong>una maniobra bastante complicada<\/strong> dada la gran sensibilidad de la piel despu\u00e9s de tanto tiempo bajo los vendajes.<\/p>\n<p>Cuando al fin la mano qued\u00f3 al descubierto pudimos comprobar que efectivamente <strong>el emplazamiento de su pulgar era ahora mucho m\u00e1s correcto<\/strong> y nos aport\u00f3 una gran alegr\u00eda, pero a la vez nos choc\u00f3 ver que su aspecto quedaba a\u00fan lejos de ser una mano bonita hasta que pensamos que es una intervenci\u00f3n larga y complicada la sufrida y que son cinco incisiones las practicadas. Al respecto ya se encargaron de explicarnos que con el tiempo recobrar\u00eda su anterior aspecto.<\/p>\n<p>Visto que todo marchaba de forma correcta, le volvieron a vendar y a colocar f\u00e9rula para unos diez d\u00edas m\u00e1s, entonces acudir\u00edamos nuevamente para ver la evoluci\u00f3n en general y de las suturas en particular, <strong>siempre pendientes de no encontrar una infecci\u00f3n<\/strong>. Destacar la gran pericia, paciencia y buen hacer de Margarita, enfermera de Traumatolog\u00eda de Infantil.<\/p>\n<p>A Martina, aquello de <strong>regresar a casa con la mano vendada nuevamente no le hizo mucha ilusi\u00f3n<\/strong> y, para ser sinceros, hemos de decir que a nosotros tampoco, pero la doctora as\u00ed lo vio necesario y no quedaba otra. En unos pocos d\u00edas volver\u00edamos y ya para dar fin definitivo a las vendas.<\/p>\n","protected":false},"excerpt":{"rendered":"<p>Este segundo postoperatorio no iba a pasar sin contratiempos y alguna que otra visita hubo que hacer al hospital. Incluso se hizo necesario cambiar los ap\u00f3sitos, cosa menos f\u00e1cil cuando la mano est\u00e1 posicionada de forma estrat\u00e9gica. Algo tan simple se convirti\u00f3 en una delicada acci\u00f3n y oblig\u00f3 a que la f\u00e9rula se quedara una [&hellip;]<\/p>\n","protected":false},"author":28,"featured_media":205,"comment_status":"open","ping_status":"open","sticky":false,"template":"","format":"standard","meta":{"_acf_changed":false,"footnotes":""},"categories":[1],"tags":[],"be_disease":[],"be_general":[],"be_media_type":[],"class_list":["post-204","post","type-post","status-publish","format-standard","has-post-thumbnail","hentry","category-sin-categoria"],"acf":[],"_links":{"self":[{"href":"https:\/\/www.somospacientes.com\/el-sitio-de-martina\/wp-json\/wp\/v2\/posts\/204","targetHints":{"allow":["GET"]}}],"collection":[{"href":"https:\/\/www.somospacientes.com\/el-sitio-de-martina\/wp-json\/wp\/v2\/posts"}],"about":[{"href":"https:\/\/www.somospacientes.com\/el-sitio-de-martina\/wp-json\/wp\/v2\/types\/post"}],"author":[{"embeddable":true,"href":"https:\/\/www.somospacientes.com\/el-sitio-de-martina\/wp-json\/wp\/v2\/users\/28"}],"replies":[{"embeddable":true,"href":"https:\/\/www.somospacientes.com\/el-sitio-de-martina\/wp-json\/wp\/v2\/comments?post=204"}],"version-history":[{"count":2,"href":"https:\/\/www.somospacientes.com\/el-sitio-de-martina\/wp-json\/wp\/v2\/posts\/204\/revisions"}],"predecessor-version":[{"id":207,"href":"https:\/\/www.somospacientes.com\/el-sitio-de-martina\/wp-json\/wp\/v2\/posts\/204\/revisions\/207"}],"wp:featuredmedia":[{"embeddable":true,"href":"https:\/\/www.somospacientes.com\/el-sitio-de-martina\/wp-json\/wp\/v2\/media\/205"}],"wp:attachment":[{"href":"https:\/\/www.somospacientes.com\/el-sitio-de-martina\/wp-json\/wp\/v2\/media?parent=204"}],"wp:term":[{"taxonomy":"category","embeddable":true,"href":"https:\/\/www.somospacientes.com\/el-sitio-de-martina\/wp-json\/wp\/v2\/categories?post=204"},{"taxonomy":"post_tag","embeddable":true,"href":"https:\/\/www.somospacientes.com\/el-sitio-de-martina\/wp-json\/wp\/v2\/tags?post=204"},{"taxonomy":"be_disease","embeddable":true,"href":"https:\/\/www.somospacientes.com\/el-sitio-de-martina\/wp-json\/wp\/v2\/be_disease?post=204"},{"taxonomy":"be_general","embeddable":true,"href":"https:\/\/www.somospacientes.com\/el-sitio-de-martina\/wp-json\/wp\/v2\/be_general?post=204"},{"taxonomy":"be_media_type","embeddable":true,"href":"https:\/\/www.somospacientes.com\/el-sitio-de-martina\/wp-json\/wp\/v2\/be_media_type?post=204"}],"curies":[{"name":"wp","href":"https:\/\/api.w.org\/{rel}","templated":true}]}}