{"id":213,"date":"2012-09-21T12:28:12","date_gmt":"2012-09-21T10:28:12","guid":{"rendered":"https:\/\/www.somospacientes.com\/el-sitio-de-martina\/?p=213"},"modified":"2012-09-21T12:28:34","modified_gmt":"2012-09-21T10:28:34","slug":"y-ahora-terapia-ocupacional","status":"publish","type":"post","link":"https:\/\/www.somospacientes.com\/el-sitio-de-martina\/noticias\/sin-categoria\/y-ahora-terapia-ocupacional\/","title":{"rendered":"Y ahora, terapia ocupacional"},"content":{"rendered":"<p><a href=\"https:\/\/www.somospacientes.com\/el-sitio-de-martina\/files\/2012\/09\/Imagen-Capitulo-XVIII.jpg\"><img loading=\"lazy\" decoding=\"async\" class=\"alignleft size-medium wp-image-214\" title=\"Imagen Capitulo XVIII\" src=\"https:\/\/www.somospacientes.com\/el-sitio-de-martina\/files\/2012\/09\/Imagen-Capitulo-XVIII-300x225.jpg\" alt=\"\" width=\"300\" height=\"225\" srcset=\"https:\/\/www.somospacientes.com\/el-sitio-de-martina\/files\/2012\/09\/Imagen-Capitulo-XVIII-300x225.jpg 300w, https:\/\/www.somospacientes.com\/el-sitio-de-martina\/files\/2012\/09\/Imagen-Capitulo-XVIII-1024x768.jpg 1024w, https:\/\/www.somospacientes.com\/el-sitio-de-martina\/files\/2012\/09\/Imagen-Capitulo-XVIII-50x37.jpg 50w, https:\/\/www.somospacientes.com\/el-sitio-de-martina\/files\/2012\/09\/Imagen-Capitulo-XVIII-150x112.jpg 150w, https:\/\/www.somospacientes.com\/el-sitio-de-martina\/files\/2012\/09\/Imagen-Capitulo-XVIII-85x63.jpg 85w, https:\/\/www.somospacientes.com\/el-sitio-de-martina\/files\/2012\/09\/Imagen-Capitulo-XVIII-125x93.jpg 125w, https:\/\/www.somospacientes.com\/el-sitio-de-martina\/files\/2012\/09\/Imagen-Capitulo-XVIII-191x143.jpg 191w, https:\/\/www.somospacientes.com\/el-sitio-de-martina\/files\/2012\/09\/Imagen-Capitulo-XVIII-630x472.jpg 630w, https:\/\/www.somospacientes.com\/el-sitio-de-martina\/files\/2012\/09\/Imagen-Capitulo-XVIII-141x106.jpg 141w, https:\/\/www.somospacientes.com\/el-sitio-de-martina\/files\/2012\/09\/Imagen-Capitulo-XVIII.jpg 1280w\" sizes=\"auto, (max-width: 300px) 100vw, 300px\" \/><\/a>M\u00e1s de un mes pas\u00f3 desde que operaron a Martina hasta que <strong>definitivamente le retiraron los vendajes.<\/strong> Hasta entonces, de forma peri\u00f3dica, acud\u00edamos a la consulta de traumatolog\u00eda a realizar curas y a ver que tal evolucionaba.<\/p>\n<p>Generalmente, y seg\u00fan nos aproxim\u00e1bamos al hospital, nuestra peque\u00f1a, harta ya de que le trastearan la mano, <strong>empezaba a ponerse muy nerviosa<\/strong>. El momento de las curas se convert\u00eda en un dif\u00edcil trance&#8230;, no paraba de moverse, el llanto era constante y se aferraba a cualquiera como un pulpo a una roca.<\/p>\n<p>Lleg\u00f3 el d\u00eda de la \u00faltima cura y supuso un gran alivio. Su mano a\u00fan presentaba una inflamaci\u00f3n importante y suturas por distintos sitios. Este aspecto con el paso de los d\u00edas fue mejorando y <strong>la mejora fue mucho mayor<\/strong> cuando le retiraron varios puntos que no caian.<!--more--><\/p>\n<p>Tras este episodio nos derivaron a la consulta de rehabilitaci\u00f3n, donde tras su evaluaci\u00f3n la remitieron a terapia ocupacional con la intenci\u00f3n de que la terapeuta <strong>puliera y diera algo de brillo<\/strong> a esas posibilidades de las cuales carec\u00eda y de las que supuestamente le dotaron en la mesa de operaciones.<\/p>\n<p>Antes de marcharnos, el m\u00e9dico rehabilitador le explor\u00f3 detenidamente la espalda dado que la postura de la misma davert\u00eda de alguna anomal\u00eda. La posici\u00f3n de los hombros tampoco era la correcta, lo cual hac\u00eda sospechar que <strong>la malformaci\u00f3n en miembros superiores no se hab\u00eda parado en los brazos.<\/strong><\/p>\n<p>La terapia ocupacional la empez\u00f3 en aproximadamente dos meses, tiempo de espera prudencial para poder trabajar con su mano de forma relajada y no con la sospecha de ser una zona dolorida por la intervenci\u00f3n. Ahora nos encontr\u00e1bamos con <strong>una apretad\u00edsima agenda<\/strong>. Fisioterapia y vigilancia en atenci\u00f3n temprana, terapia ocupacional en el hospital y la guarder\u00eda de diario.<\/p>\n<p>Nosotros en casa procur\u00e1bamos hacer cuanto pod\u00edamos para despertar la funcionalidad de su mano. Tambi\u00e9n a base de aceites y cremas <strong>intent\u00e1bamos que las cicatrices se borraran<\/strong> lo m\u00e1s posible.<\/p>\n<p>Evidentemente, en esta lucha sin cuartel <strong>no nos pod\u00edamos despistar de Andrea<\/strong>, pero en cierto modo ocurri\u00f3. Ella poco a poco se iba dando cuenta de que algo pasaba, pero tampoco le puedes explicar que no son atenciones extras y que todo responde a una necesidad. No tardar\u00eda en llegar el d\u00eda en que se rebelara y empezara a dejar ver su enfado y ansiedad por tan distinto trato.<\/p>\n","protected":false},"excerpt":{"rendered":"<p>M\u00e1s de un mes pas\u00f3 desde que operaron a Martina hasta que definitivamente le retiraron los vendajes. Hasta entonces, de forma peri\u00f3dica, acud\u00edamos a la consulta de traumatolog\u00eda a realizar curas y a ver que tal evolucionaba. Generalmente, y seg\u00fan nos aproxim\u00e1bamos al hospital, nuestra peque\u00f1a, harta ya de que le trastearan la mano, empezaba [&hellip;]<\/p>\n","protected":false},"author":28,"featured_media":214,"comment_status":"open","ping_status":"open","sticky":false,"template":"","format":"standard","meta":{"_acf_changed":false,"footnotes":""},"categories":[1],"tags":[],"be_disease":[],"be_general":[],"be_media_type":[],"class_list":["post-213","post","type-post","status-publish","format-standard","has-post-thumbnail","hentry","category-sin-categoria"],"acf":[],"_links":{"self":[{"href":"https:\/\/www.somospacientes.com\/el-sitio-de-martina\/wp-json\/wp\/v2\/posts\/213","targetHints":{"allow":["GET"]}}],"collection":[{"href":"https:\/\/www.somospacientes.com\/el-sitio-de-martina\/wp-json\/wp\/v2\/posts"}],"about":[{"href":"https:\/\/www.somospacientes.com\/el-sitio-de-martina\/wp-json\/wp\/v2\/types\/post"}],"author":[{"embeddable":true,"href":"https:\/\/www.somospacientes.com\/el-sitio-de-martina\/wp-json\/wp\/v2\/users\/28"}],"replies":[{"embeddable":true,"href":"https:\/\/www.somospacientes.com\/el-sitio-de-martina\/wp-json\/wp\/v2\/comments?post=213"}],"version-history":[{"count":2,"href":"https:\/\/www.somospacientes.com\/el-sitio-de-martina\/wp-json\/wp\/v2\/posts\/213\/revisions"}],"predecessor-version":[{"id":216,"href":"https:\/\/www.somospacientes.com\/el-sitio-de-martina\/wp-json\/wp\/v2\/posts\/213\/revisions\/216"}],"wp:featuredmedia":[{"embeddable":true,"href":"https:\/\/www.somospacientes.com\/el-sitio-de-martina\/wp-json\/wp\/v2\/media\/214"}],"wp:attachment":[{"href":"https:\/\/www.somospacientes.com\/el-sitio-de-martina\/wp-json\/wp\/v2\/media?parent=213"}],"wp:term":[{"taxonomy":"category","embeddable":true,"href":"https:\/\/www.somospacientes.com\/el-sitio-de-martina\/wp-json\/wp\/v2\/categories?post=213"},{"taxonomy":"post_tag","embeddable":true,"href":"https:\/\/www.somospacientes.com\/el-sitio-de-martina\/wp-json\/wp\/v2\/tags?post=213"},{"taxonomy":"be_disease","embeddable":true,"href":"https:\/\/www.somospacientes.com\/el-sitio-de-martina\/wp-json\/wp\/v2\/be_disease?post=213"},{"taxonomy":"be_general","embeddable":true,"href":"https:\/\/www.somospacientes.com\/el-sitio-de-martina\/wp-json\/wp\/v2\/be_general?post=213"},{"taxonomy":"be_media_type","embeddable":true,"href":"https:\/\/www.somospacientes.com\/el-sitio-de-martina\/wp-json\/wp\/v2\/be_media_type?post=213"}],"curies":[{"name":"wp","href":"https:\/\/api.w.org\/{rel}","templated":true}]}}