{"id":218,"date":"2012-09-28T10:51:13","date_gmt":"2012-09-28T08:51:13","guid":{"rendered":"https:\/\/www.somospacientes.com\/el-sitio-de-martina\/?p=218"},"modified":"2012-09-28T10:51:13","modified_gmt":"2012-09-28T08:51:13","slug":"nueva-consulta-a-cardiologia","status":"publish","type":"post","link":"https:\/\/www.somospacientes.com\/el-sitio-de-martina\/noticias\/sin-categoria\/nueva-consulta-a-cardiologia\/","title":{"rendered":"Nueva consulta a cardiolog\u00eda"},"content":{"rendered":"<p><a href=\"https:\/\/www.somospacientes.com\/el-sitio-de-martina\/files\/2012\/09\/Imagen-Capitulo-XIX.jpg\"><img loading=\"lazy\" decoding=\"async\" class=\"alignleft size-medium wp-image-219\" title=\"Imagen Capitulo XIX\" src=\"https:\/\/www.somospacientes.com\/el-sitio-de-martina\/files\/2012\/09\/Imagen-Capitulo-XIX-300x225.jpg\" alt=\"\" width=\"300\" height=\"225\" srcset=\"https:\/\/www.somospacientes.com\/el-sitio-de-martina\/files\/2012\/09\/Imagen-Capitulo-XIX-300x225.jpg 300w, https:\/\/www.somospacientes.com\/el-sitio-de-martina\/files\/2012\/09\/Imagen-Capitulo-XIX-1024x768.jpg 1024w, https:\/\/www.somospacientes.com\/el-sitio-de-martina\/files\/2012\/09\/Imagen-Capitulo-XIX-50x37.jpg 50w, https:\/\/www.somospacientes.com\/el-sitio-de-martina\/files\/2012\/09\/Imagen-Capitulo-XIX-150x112.jpg 150w, https:\/\/www.somospacientes.com\/el-sitio-de-martina\/files\/2012\/09\/Imagen-Capitulo-XIX-85x63.jpg 85w, https:\/\/www.somospacientes.com\/el-sitio-de-martina\/files\/2012\/09\/Imagen-Capitulo-XIX-125x93.jpg 125w, https:\/\/www.somospacientes.com\/el-sitio-de-martina\/files\/2012\/09\/Imagen-Capitulo-XIX-191x143.jpg 191w, https:\/\/www.somospacientes.com\/el-sitio-de-martina\/files\/2012\/09\/Imagen-Capitulo-XIX-630x472.jpg 630w, https:\/\/www.somospacientes.com\/el-sitio-de-martina\/files\/2012\/09\/Imagen-Capitulo-XIX-141x106.jpg 141w\" sizes=\"auto, (max-width: 300px) 100vw, 300px\" \/><\/a>Muy a principios de 2012 tuvimos consulta en cardiolog\u00eda. <strong>Con muchas y pocas ganas a la vez<\/strong> acudimos el d\u00eda de la cita. Tras el recomendable reconocimiento inicial y la pertinente entrevista, la doctora inici\u00f3 la ecocardiograf\u00eda. \u00c9sta segu\u00eda arrojando informaci\u00f3n que ya conoc\u00edamos: \u00abLas CIV han cerrado espont\u00e1neamente o no son funcionales, pero la CIA sigue siendo amplia\u00bb.<\/p>\n<p>Para nuestra sorpresa, que siempre las hay, nos dicen que <strong>no encuentran las venas pulmonares<\/strong>. No saben si se debe a una estenosis o a una deslocalizaci\u00f3n de \u00e9stas. Llegados a este punto acuerdan que antes de que acabe 2012 le deben practicar a Martina una ecocardiograf\u00eda transesof\u00e1gica y un cateterismo para localizar esas venas y conocer la posici\u00f3n y configuraci\u00f3n del coraz\u00f3n. Tras ello intervendr\u00e1n.<!--more--><\/p>\n<p>Lo que significa que en menos de diez meses <strong>nos vuelven a colocar a nuestra peque\u00f1aja en un quir\u00f3fano<\/strong>. Lo cual significa adelantar la intervenci\u00f3n un a\u00f1o puesto que la idea inicial era operarla a la edad de cuatro a\u00f1os. Al finalizar, como siempre, nos dieron las recomendaciones habituales para ella y una nueva cita, en este caso, para el mes de junio. Ser\u00e1 entonces cuando se establezca un calendario para las pruebas y el quir\u00f3fano.<\/p>\n<p>Las semanas pasaban y cada una de ellas era una dif\u00edcil prueba dado que nos ten\u00edamos que organizar para llegar a tantas obligaciones extras como ten\u00edamos para con nuestra peque\u00f1a. A estas obligaciones ten\u00edamos que sumarle los catarros t\u00edpicos de la temporada en la que ya nos encontr\u00e1bamos inmersos. Catarros que para Martina no son mas que eso, pero que <strong>para Andrea se traducen en bronquitis<\/strong> de forma continua.<\/p>\n<p>En muy poco tiempo Martina le cogi\u00f3 confianza a aquello de la terapia ocupacional. En el s\u00f3tano del hospital, junto a la consulta de rehabilitaci\u00f3n, se encuentra una peque\u00f1a sala donde se pretende tratar o adiestrar al paciente con\u00a0 disfunciones, en este caso, f\u00edsicas. Carmen, la terapeuta, es quien se encarga de despertar esas precisas habilidades <strong>a golpe de juguetes, trastos y enormes cantidades de paciencia<\/strong>.<\/p>\n","protected":false},"excerpt":{"rendered":"<p>Muy a principios de 2012 tuvimos consulta en cardiolog\u00eda. Con muchas y pocas ganas a la vez acudimos el d\u00eda de la cita. Tras el recomendable reconocimiento inicial y la pertinente entrevista, la doctora inici\u00f3 la ecocardiograf\u00eda. \u00c9sta segu\u00eda arrojando informaci\u00f3n que ya conoc\u00edamos: \u00abLas CIV han cerrado espont\u00e1neamente o no son funcionales, pero la [&hellip;]<\/p>\n","protected":false},"author":28,"featured_media":219,"comment_status":"open","ping_status":"open","sticky":false,"template":"","format":"standard","meta":{"_acf_changed":false,"footnotes":""},"categories":[1],"tags":[],"be_disease":[],"be_general":[],"be_media_type":[],"class_list":["post-218","post","type-post","status-publish","format-standard","has-post-thumbnail","hentry","category-sin-categoria"],"acf":[],"_links":{"self":[{"href":"https:\/\/www.somospacientes.com\/el-sitio-de-martina\/wp-json\/wp\/v2\/posts\/218","targetHints":{"allow":["GET"]}}],"collection":[{"href":"https:\/\/www.somospacientes.com\/el-sitio-de-martina\/wp-json\/wp\/v2\/posts"}],"about":[{"href":"https:\/\/www.somospacientes.com\/el-sitio-de-martina\/wp-json\/wp\/v2\/types\/post"}],"author":[{"embeddable":true,"href":"https:\/\/www.somospacientes.com\/el-sitio-de-martina\/wp-json\/wp\/v2\/users\/28"}],"replies":[{"embeddable":true,"href":"https:\/\/www.somospacientes.com\/el-sitio-de-martina\/wp-json\/wp\/v2\/comments?post=218"}],"version-history":[{"count":1,"href":"https:\/\/www.somospacientes.com\/el-sitio-de-martina\/wp-json\/wp\/v2\/posts\/218\/revisions"}],"predecessor-version":[{"id":220,"href":"https:\/\/www.somospacientes.com\/el-sitio-de-martina\/wp-json\/wp\/v2\/posts\/218\/revisions\/220"}],"wp:featuredmedia":[{"embeddable":true,"href":"https:\/\/www.somospacientes.com\/el-sitio-de-martina\/wp-json\/wp\/v2\/media\/219"}],"wp:attachment":[{"href":"https:\/\/www.somospacientes.com\/el-sitio-de-martina\/wp-json\/wp\/v2\/media?parent=218"}],"wp:term":[{"taxonomy":"category","embeddable":true,"href":"https:\/\/www.somospacientes.com\/el-sitio-de-martina\/wp-json\/wp\/v2\/categories?post=218"},{"taxonomy":"post_tag","embeddable":true,"href":"https:\/\/www.somospacientes.com\/el-sitio-de-martina\/wp-json\/wp\/v2\/tags?post=218"},{"taxonomy":"be_disease","embeddable":true,"href":"https:\/\/www.somospacientes.com\/el-sitio-de-martina\/wp-json\/wp\/v2\/be_disease?post=218"},{"taxonomy":"be_general","embeddable":true,"href":"https:\/\/www.somospacientes.com\/el-sitio-de-martina\/wp-json\/wp\/v2\/be_general?post=218"},{"taxonomy":"be_media_type","embeddable":true,"href":"https:\/\/www.somospacientes.com\/el-sitio-de-martina\/wp-json\/wp\/v2\/be_media_type?post=218"}],"curies":[{"name":"wp","href":"https:\/\/api.w.org\/{rel}","templated":true}]}}