{"id":185,"date":"2012-11-07T12:39:11","date_gmt":"2012-11-07T11:39:11","guid":{"rendered":"https:\/\/www.somospacientes.com\/federacion-asem-federacion-espanola-de-enfermedades-neuromusculares\/?p=185"},"modified":"2012-11-07T12:39:11","modified_gmt":"2012-11-07T11:39:11","slug":"simposio-internacional-enfermedades-neuromusculares-es-tiempo-para-el-tratamiento","status":"publish","type":"post","link":"https:\/\/www.somospacientes.com\/federacion-asem-federacion-espanola-de-enfermedades-neuromusculares\/noticias\/sin-categoria\/simposio-internacional-enfermedades-neuromusculares-es-tiempo-para-el-tratamiento\/","title":{"rendered":"Simposio Internacional Enfermedades Neuromusculares: Es tiempo para el Tratamiento"},"content":{"rendered":"<p><img loading=\"lazy\" decoding=\"async\" class=\"aligncenter\" src=\"http:\/\/asem-esp.org\/images\/eventlist\/events\/2012-10-Simposio_ENM.jpg\" alt=\"\" width=\"400\" height=\"246\" \/><\/p>\n<p style=\"text-align: justify\">La <strong><a title=\"Fundaci\u00f3n Ram\u00f3n Areces\" href=\"http:\/\/www.fundacionareces.es\" target=\"_blank\">Fundaci\u00f3n Ram\u00f3n Areces<\/a><\/strong> en colaboraci\u00f3n con la <strong><a title=\"www.asem-esp.org\" href=\"http:\/\/www.asem-esp.org\" target=\"_blank\">Fedearci\u00f3n ASEM<\/a><\/strong> organizan el<strong> \u00abSimposio Internacional de Enfermedades Neuromusculares: Es el tiempo para el tratamiento\u00bb<\/strong> que tendr\u00e1 lugar los d\u00edas <strong>15 y 16 de Noviembre 2012 en Madrid<\/strong>. Donde expertos nacionales e internacionales en <strong>enfermedades neuromusculares<\/strong> expondr\u00e1n los datos m\u00e1s actualizados en las principales enfermedades neuromusculares desde los diferentes abordajes.<\/p>\n<p style=\"text-align: justify\">El programa inclurir\u00e1 entre otras actividades las siguientes ponencias:<\/p>\n<ul style=\"text-align: justify\">\n<li><em>Secuenciaci\u00f3n del exoma: nuevas estrategias para el diagn\u00f3stico de las distrofias musculares. <\/em><\/li>\n<li><em>El sistema ubiquitin-proteasoma: una nueva diana terap\u00e9utica para las terapias en las distrofias musculares y las atrofias musculares secundarias<\/em> .<\/li>\n<li><em>La RM en el diagn\u00f3stico y la monitorizaci\u00f3n de las enfermedades neuromusculares.<\/em><\/li>\n<li><em><em>S\u00edndromes facioescapulohumerales: nuevas perspectivas terap\u00e9uticas.<\/em><\/em><\/li>\n<li><em>Terapias celulares en las distrofias musculares: luces y sombras<\/em>.<\/li>\n<li><em>Implicaci\u00f3n de la autofagia en las distrofias musculares cong\u00e9nitas: nuevas oportunidades terap\u00e9uticas.<\/em><\/li>\n<li><em>Esclerosis lateral amiotr\u00f3fica 2012: el a\u00f1o de la revoluci\u00f3n.<\/em><\/li>\n<li><em>Nuevas tendencias terap\u00e9uticas en distrofia miot\u00f3nica.<\/em><\/li>\n<li><em>Distrofinopat\u00edas: Conceptos actuales sobre las estrategias terap\u00e9uticas antisense. Ensayos cl\u00ednicos<\/em><\/li>\n<li><em>Nuevos anticuerpos relacionados con enfermedades neuromusculares.<\/em><\/li>\n<li><em>Atrofia muscular espinal. Actualizaci<\/em><em>\u00f3n de las estrategias terap\u00e9<\/em><em>uticas.<\/em><\/li>\n<li><em>S\u00edndromes miast\u00e9nicos cong\u00e9nitos.<\/em><\/li>\n<\/ul>\n<p style=\"text-align: justify\">Puedes descargar el Programa del Simposio en el siguiente enlace:<\/p>\n<p style=\"text-align: justify\"><a title=\"Programa en pdf\" href=\"http:\/\/asem-esp.org\/descargas\/2012-07-Programa_Simposio_ENM.pdf\">\u00a0<strong>Programa Simposio Enfermedades Neuromusculares \u00abEs tiempo para el Tratamiento\u00bb<\/strong><\/a><strong><em><br \/>\n<\/em><\/strong><\/p>\n<p style=\"text-align: justify\">Las<em> <\/em><strong>Inscripciones<\/strong> pueden realizarse de manera online a traves del siguiente enlace <a title=\"Inscripci\u00f3n online\" href=\"http:\/\/www.fundacionareces.es\/fundacionareces\/cargarFormularioActoSimposio.do?idAgendaEvento=1436\"><strong>www.fundacionareces.es<\/strong><\/a> o descargando el<strong> <a title=\"Programa en pdf\" href=\"http:\/\/asem-esp.org\/descargas\/2012-07-Programa_Simposio_ENM.pdf\">Programa<\/a><\/strong>, donde se encuentra la Hoja de Inscripci\u00f3n (p\u00e1g.11) que debidamente cumplimentada debe enviarse a:<\/p>\n<p style=\"text-align: center\">Fundaci\u00f3n Ram\u00f3n Areces<br \/>\nVitruvio, 5. 28006 MADRID<\/p>\n<p>&nbsp;<\/p>\n","protected":false},"excerpt":{"rendered":"<p>La Fundaci\u00f3n Ram\u00f3n Areces en colaboraci\u00f3n con la Fedearci\u00f3n ASEM organizan el \u00abSimposio Internacional de Enfermedades Neuromusculares: Es el tiempo para el tratamiento\u00bb que tendr\u00e1 lugar los d\u00edas 15 y 16 de Noviembre 2012 en Madrid. Donde expertos nacionales e internacionales en enfermedades neuromusculares expondr\u00e1n los datos m\u00e1s actualizados en las principales enfermedades neuromusculares desde [&hellip;]<\/p>\n","protected":false},"author":101,"featured_media":0,"comment_status":"open","ping_status":"open","sticky":false,"template":"","format":"standard","meta":{"_acf_changed":false,"footnotes":""},"categories":[1],"tags":[],"be_disease":[],"be_general":[],"be_media_type":[],"class_list":["post-185","post","type-post","status-publish","format-standard","hentry","category-sin-categoria"],"acf":[],"_links":{"self":[{"href":"https:\/\/www.somospacientes.com\/federacion-asem-federacion-espanola-de-enfermedades-neuromusculares\/wp-json\/wp\/v2\/posts\/185","targetHints":{"allow":["GET"]}}],"collection":[{"href":"https:\/\/www.somospacientes.com\/federacion-asem-federacion-espanola-de-enfermedades-neuromusculares\/wp-json\/wp\/v2\/posts"}],"about":[{"href":"https:\/\/www.somospacientes.com\/federacion-asem-federacion-espanola-de-enfermedades-neuromusculares\/wp-json\/wp\/v2\/types\/post"}],"author":[{"embeddable":true,"href":"https:\/\/www.somospacientes.com\/federacion-asem-federacion-espanola-de-enfermedades-neuromusculares\/wp-json\/wp\/v2\/users\/101"}],"replies":[{"embeddable":true,"href":"https:\/\/www.somospacientes.com\/federacion-asem-federacion-espanola-de-enfermedades-neuromusculares\/wp-json\/wp\/v2\/comments?post=185"}],"version-history":[{"count":3,"href":"https:\/\/www.somospacientes.com\/federacion-asem-federacion-espanola-de-enfermedades-neuromusculares\/wp-json\/wp\/v2\/posts\/185\/revisions"}],"predecessor-version":[{"id":188,"href":"https:\/\/www.somospacientes.com\/federacion-asem-federacion-espanola-de-enfermedades-neuromusculares\/wp-json\/wp\/v2\/posts\/185\/revisions\/188"}],"wp:attachment":[{"href":"https:\/\/www.somospacientes.com\/federacion-asem-federacion-espanola-de-enfermedades-neuromusculares\/wp-json\/wp\/v2\/media?parent=185"}],"wp:term":[{"taxonomy":"category","embeddable":true,"href":"https:\/\/www.somospacientes.com\/federacion-asem-federacion-espanola-de-enfermedades-neuromusculares\/wp-json\/wp\/v2\/categories?post=185"},{"taxonomy":"post_tag","embeddable":true,"href":"https:\/\/www.somospacientes.com\/federacion-asem-federacion-espanola-de-enfermedades-neuromusculares\/wp-json\/wp\/v2\/tags?post=185"},{"taxonomy":"be_disease","embeddable":true,"href":"https:\/\/www.somospacientes.com\/federacion-asem-federacion-espanola-de-enfermedades-neuromusculares\/wp-json\/wp\/v2\/be_disease?post=185"},{"taxonomy":"be_general","embeddable":true,"href":"https:\/\/www.somospacientes.com\/federacion-asem-federacion-espanola-de-enfermedades-neuromusculares\/wp-json\/wp\/v2\/be_general?post=185"},{"taxonomy":"be_media_type","embeddable":true,"href":"https:\/\/www.somospacientes.com\/federacion-asem-federacion-espanola-de-enfermedades-neuromusculares\/wp-json\/wp\/v2\/be_media_type?post=185"}],"curies":[{"name":"wp","href":"https:\/\/api.w.org\/{rel}","templated":true}]}}