{"id":366,"date":"2014-03-06T12:59:47","date_gmt":"2014-03-06T11:59:47","guid":{"rendered":"https:\/\/www.somospacientes.com\/federacion-asem-federacion-espanola-de-enfermedades-neuromusculares\/?p=366"},"modified":"2014-03-06T13:00:28","modified_gmt":"2014-03-06T12:00:28","slug":"gran-exito-de-la-telemaraton-se-recaudaron-1-185-000-y-todavia-se-puede-seguir-colaborando-%c2%a1sumate","status":"publish","type":"post","link":"https:\/\/www.somospacientes.com\/federacion-asem-federacion-espanola-de-enfermedades-neuromusculares\/noticias\/sin-categoria\/gran-exito-de-la-telemaraton-se-recaudaron-1-185-000-y-todavia-se-puede-seguir-colaborando-%c2%a1sumate\/","title":{"rendered":"Gran \u00e9xito de la Telemarat\u00f3n. Se recaudaron 1.185.000 y todav\u00eda se puede seguir colaborando, \u00a1s\u00famate!"},"content":{"rendered":"<div style=\"width: 596px\" class=\"wp-caption alignnone\"><a href=\"http:\/\/www.asem-esp.org\/index.php\/eventos\/77-todos-somos-raros-todos-somos-unicos\/1217-gran-exito-de-la-telemaraton-se-recaudaron-1-185-000\"><img loading=\"lazy\" decoding=\"async\" src=\"http:\/\/www.asem-esp.org\/images\/Todos_somos_raros\/Telemaraton_todos_somos_raros_2.jpg\" alt=\"telemaraton\" width=\"586\" height=\"467\" \/><\/a><p class=\"wp-caption-text\">De izquierda a derecha: Dr. Francesc Palau, Juan Carri\u00f3n -Presidente de FEDER-, \u00c1lvaro Yturriaga -Director de Fundaci\u00f3n Isabel Gemio-, Isabel Gemio, Antonio \u00c1lvarez -Presidente Federaci\u00f3n ASEM-, Dr. Josep Torrent, Dr. Juan Jes\u00fas Vilchez<\/p><\/div>\n<p>La primera <a href=\"http:\/\/www.asem-esp.org\/index.php\/eventos\/77-todos-somos-raros-todos-somos-unicos\/1212-telemaraton-por-las-enfermedades-raras\" target=\"_blank\"><strong>Telemarat\u00f3n <\/strong> <\/a>a nivel nacional <strong>por las enfermedades raras<\/strong> ha sido todo un \u00e9xito y ha conseguido recaudar un total de <strong>1.185.000 euros<\/strong> destinadas a la investigaci\u00f3n de las <strong>enfermedades raras<\/strong>.<\/p>\n<p style=\"text-align: justify\">A lo largo de seis horas se vivieron momentos de gran intensidad y emoci\u00f3n, en los que nos acercamos al d\u00eda a d\u00eda de los afectados. Adem\u00e1s, se cont\u00f3 con la colaboraci\u00f3n de numerosos rostros conocidos que se volcaron con la causa. Reconocidos actores, cantantes, personalidades del mundo de la pol\u00edtica, de las artes, la moda y el deporte, entre otros, estuvieron junto a <strong>Isabel Gemio<\/strong>, presentadora de la gala.<\/p>\n<p style=\"text-align: justify\">Adem\u00e1s, de las <strong>donaciones solidarias<\/strong>, se ha recaudado el dinero a trav\u00e9s del <strong>env\u00edo de SMS<\/strong> y la venta del sencillo <a href=\"http:\/\/www.asem-esp.org\/index.php\/eventos\/77-todos-somos-raros-todos-somos-unicos\/1213-hoy-puede-ser-un-gran-dia-cancion-oficial-del-movimiento-todos-somos-raros-todos-somos-unicos\" target=\"_blank\"><strong>\u201cHoy puede ser un gran d\u00eda\u201d<\/strong><\/a> de <strong>Joan Manuel Serrat<\/strong>, a la venta en el <strong>Corte Ingl\u00e9s<\/strong> y en las principales plataformas musicales: <strong>iTunes y Spotify<\/strong>, en el que han colaborado artistas de la talla de <strong>Miguel R\u00edos, Miguel Poveda, Estrella Morente, Ana Bel\u00e9n, Victor Manuel, Pasi\u00f3n Vega, Sole Gim\u00e9nez y Sergio Dalma<\/strong>.<\/p>\n<p style=\"text-align: justify\">A la par que la gala <a href=\"http:\/\/www.asem-esp.org\/index.php\/eventos\/77-todos-somos-raros-todos-somos-unicos\/1212-telemaraton-por-las-enfermedades-raras\" target=\"_blank\"><strong>Telemarat\u00f3n<\/strong> <\/a>comenzaba, se pon\u00eda en marcha la subasta solidaria disponible en <strong><a href=\"http:\/\/www.ebay.es\/usr\/telemaratonsolidario\">http:\/\/www.ebay.es\/usr\/telemaratonsolidario<\/a><\/strong> , en la que se han puesto a la venta donaciones y art\u00edculos personalizados de gran valor, tales como una <strong>gorra de Fernando Alonso<\/strong> firmada, al igual que un bal\u00f3n firmado por todo el equipo de <strong>Atl\u00e9tico de Madrid<\/strong>, el vestido que luci\u00f3 <strong>Roc\u00edo Jurado<\/strong> en su \u00faltima aparici\u00f3n televisiva o con el que se retir\u00f3 Celia Gamez. <strong>Eduardo Arroyo<\/strong>, por ejemplo, ha donado tres grabados, y modistos de la talla de <strong>Hannibal Laguna, Modesto Lomba o Petro Valverde<\/strong> han cedido sus dise\u00f1os lucidos por modelos como <strong>Juncal Rivero<\/strong> o celebridades como <strong>Carmen Lomana<\/strong> o <strong>Norma Duval<\/strong>, entre otros.<\/p>\n<p style=\"text-align: justify\"><strong>Puedes seguir colaborando con el Telemarat\u00f3n:<\/strong><\/p>\n<ul>\n<li>Comprando en la <strong>SUBASTA SOLIDARIA <\/strong><strong><a>http:\/\/www.ebay.es\/usr\/telemaratonsolidario<\/a><\/strong><\/li>\n<li>Enviando un <strong>SMS<\/strong> con la palabra <strong>RAROS<\/strong> al\u00a0 <strong>28030<\/strong><\/li>\n<li>O haciendo una donaci\u00f3n a trav\u00e9s del tel\u00e9fono <strong>902 112 272<\/strong><\/li>\n<\/ul>\n<p style=\"text-align: center\"><strong>\u00a1\u00a1Pon tu granito de arena!!<\/strong><\/p>\n<p style=\"text-align: center\"><strong><br \/>\n<\/strong><\/p>\n","protected":false},"excerpt":{"rendered":"<p>La primera Telemarat\u00f3n a nivel nacional por las enfermedades raras ha sido todo un \u00e9xito y ha conseguido recaudar un total de 1.185.000 euros destinadas a la investigaci\u00f3n de las enfermedades raras. A lo largo de seis horas se vivieron momentos de gran intensidad y emoci\u00f3n, en los que nos acercamos al d\u00eda a d\u00eda [&hellip;]<\/p>\n","protected":false},"author":101,"featured_media":0,"comment_status":"open","ping_status":"open","sticky":false,"template":"","format":"standard","meta":{"_acf_changed":false,"footnotes":""},"categories":[1],"tags":[],"be_disease":[],"be_general":[],"be_media_type":[],"class_list":["post-366","post","type-post","status-publish","format-standard","hentry","category-sin-categoria"],"acf":[],"_links":{"self":[{"href":"https:\/\/www.somospacientes.com\/federacion-asem-federacion-espanola-de-enfermedades-neuromusculares\/wp-json\/wp\/v2\/posts\/366","targetHints":{"allow":["GET"]}}],"collection":[{"href":"https:\/\/www.somospacientes.com\/federacion-asem-federacion-espanola-de-enfermedades-neuromusculares\/wp-json\/wp\/v2\/posts"}],"about":[{"href":"https:\/\/www.somospacientes.com\/federacion-asem-federacion-espanola-de-enfermedades-neuromusculares\/wp-json\/wp\/v2\/types\/post"}],"author":[{"embeddable":true,"href":"https:\/\/www.somospacientes.com\/federacion-asem-federacion-espanola-de-enfermedades-neuromusculares\/wp-json\/wp\/v2\/users\/101"}],"replies":[{"embeddable":true,"href":"https:\/\/www.somospacientes.com\/federacion-asem-federacion-espanola-de-enfermedades-neuromusculares\/wp-json\/wp\/v2\/comments?post=366"}],"version-history":[{"count":7,"href":"https:\/\/www.somospacientes.com\/federacion-asem-federacion-espanola-de-enfermedades-neuromusculares\/wp-json\/wp\/v2\/posts\/366\/revisions"}],"predecessor-version":[{"id":373,"href":"https:\/\/www.somospacientes.com\/federacion-asem-federacion-espanola-de-enfermedades-neuromusculares\/wp-json\/wp\/v2\/posts\/366\/revisions\/373"}],"wp:attachment":[{"href":"https:\/\/www.somospacientes.com\/federacion-asem-federacion-espanola-de-enfermedades-neuromusculares\/wp-json\/wp\/v2\/media?parent=366"}],"wp:term":[{"taxonomy":"category","embeddable":true,"href":"https:\/\/www.somospacientes.com\/federacion-asem-federacion-espanola-de-enfermedades-neuromusculares\/wp-json\/wp\/v2\/categories?post=366"},{"taxonomy":"post_tag","embeddable":true,"href":"https:\/\/www.somospacientes.com\/federacion-asem-federacion-espanola-de-enfermedades-neuromusculares\/wp-json\/wp\/v2\/tags?post=366"},{"taxonomy":"be_disease","embeddable":true,"href":"https:\/\/www.somospacientes.com\/federacion-asem-federacion-espanola-de-enfermedades-neuromusculares\/wp-json\/wp\/v2\/be_disease?post=366"},{"taxonomy":"be_general","embeddable":true,"href":"https:\/\/www.somospacientes.com\/federacion-asem-federacion-espanola-de-enfermedades-neuromusculares\/wp-json\/wp\/v2\/be_general?post=366"},{"taxonomy":"be_media_type","embeddable":true,"href":"https:\/\/www.somospacientes.com\/federacion-asem-federacion-espanola-de-enfermedades-neuromusculares\/wp-json\/wp\/v2\/be_media_type?post=366"}],"curies":[{"name":"wp","href":"https:\/\/api.w.org\/{rel}","templated":true}]}}