{"id":195,"date":"2013-11-04T21:53:35","date_gmt":"2013-11-04T20:53:35","guid":{"rendered":"https:\/\/www.somospacientes.com\/federacion-gallega-de-enfermedades-raras-e-cronicas-fegerec\/?p=195"},"modified":"2013-11-04T21:53:35","modified_gmt":"2013-11-04T20:53:35","slug":"las-enfermedades-raras-son-mas-frecuentes-de-lo-que-piensas","status":"publish","type":"post","link":"https:\/\/www.somospacientes.com\/federacion-gallega-de-enfermedades-raras-e-cronicas-fegerec\/noticias\/sin-categoria\/las-enfermedades-raras-son-mas-frecuentes-de-lo-que-piensas\/","title":{"rendered":"Las enfermedades raras son m\u00e1s frecuentes de lo que piensas"},"content":{"rendered":"<p>Uno de los problemas de los afectados por enfermedades raras es que por separado son muy poco visibles, pero en conjunto suponen un gran colectivo al que prestar atenci\u00f3n.<\/p>\n<p>En FEGEREC creemos que son mucho m\u00e1s frecuentes de lo que pensamos, solo hay que prestar un poco de atenci\u00f3n y ver que est\u00e1n muy presentes en nuestras vidas.<\/p>\n<p>Te invitamos a comprobarlo: \u00bfa cu\u00e1ntos de estos afectados por enfermedades raras conoces?<\/p>\n<p>&nbsp;<\/p>\n<p>http:\/\/youtu.be\/rnQ2rQU4P30<\/p>\n","protected":false},"excerpt":{"rendered":"<p>Uno de los problemas de los afectados por enfermedades raras es que por separado son muy poco visibles, pero en conjunto suponen un gran colectivo al que prestar atenci\u00f3n. En FEGEREC creemos que son mucho m\u00e1s frecuentes de lo que pensamos, solo hay que prestar un poco de atenci\u00f3n y ver que est\u00e1n muy presentes [&hellip;]<\/p>\n","protected":false},"author":42,"featured_media":0,"comment_status":"open","ping_status":"open","sticky":false,"template":"","format":"standard","meta":{"_acf_changed":false,"footnotes":""},"categories":[1],"tags":[],"be_disease":[789,587,801,592,593,594,811,817,614,2021,640],"be_general":[],"be_media_type":[],"class_list":["post-195","post","type-post","status-publish","format-standard","hentry","category-sin-categoria","be_disease-atrofia-muscular-espinal","be_disease-discapacidad-y-dependencia","be_disease-distrofia-muscular","be_disease-enfermedades-neuromusculares","be_disease-enfermedades-raras","be_disease-esclerosis-lateral-amiotrofica","be_disease-fibrosis-quistica","be_disease-lupus","be_disease-miastenia-grave","be_disease-sindrome-de-rett","be_disease-trastornos-del-movimiento"],"acf":[],"_links":{"self":[{"href":"https:\/\/www.somospacientes.com\/federacion-gallega-de-enfermedades-raras-e-cronicas-fegerec\/wp-json\/wp\/v2\/posts\/195","targetHints":{"allow":["GET"]}}],"collection":[{"href":"https:\/\/www.somospacientes.com\/federacion-gallega-de-enfermedades-raras-e-cronicas-fegerec\/wp-json\/wp\/v2\/posts"}],"about":[{"href":"https:\/\/www.somospacientes.com\/federacion-gallega-de-enfermedades-raras-e-cronicas-fegerec\/wp-json\/wp\/v2\/types\/post"}],"author":[{"embeddable":true,"href":"https:\/\/www.somospacientes.com\/federacion-gallega-de-enfermedades-raras-e-cronicas-fegerec\/wp-json\/wp\/v2\/users\/42"}],"replies":[{"embeddable":true,"href":"https:\/\/www.somospacientes.com\/federacion-gallega-de-enfermedades-raras-e-cronicas-fegerec\/wp-json\/wp\/v2\/comments?post=195"}],"version-history":[{"count":6,"href":"https:\/\/www.somospacientes.com\/federacion-gallega-de-enfermedades-raras-e-cronicas-fegerec\/wp-json\/wp\/v2\/posts\/195\/revisions"}],"predecessor-version":[{"id":201,"href":"https:\/\/www.somospacientes.com\/federacion-gallega-de-enfermedades-raras-e-cronicas-fegerec\/wp-json\/wp\/v2\/posts\/195\/revisions\/201"}],"wp:attachment":[{"href":"https:\/\/www.somospacientes.com\/federacion-gallega-de-enfermedades-raras-e-cronicas-fegerec\/wp-json\/wp\/v2\/media?parent=195"}],"wp:term":[{"taxonomy":"category","embeddable":true,"href":"https:\/\/www.somospacientes.com\/federacion-gallega-de-enfermedades-raras-e-cronicas-fegerec\/wp-json\/wp\/v2\/categories?post=195"},{"taxonomy":"post_tag","embeddable":true,"href":"https:\/\/www.somospacientes.com\/federacion-gallega-de-enfermedades-raras-e-cronicas-fegerec\/wp-json\/wp\/v2\/tags?post=195"},{"taxonomy":"be_disease","embeddable":true,"href":"https:\/\/www.somospacientes.com\/federacion-gallega-de-enfermedades-raras-e-cronicas-fegerec\/wp-json\/wp\/v2\/be_disease?post=195"},{"taxonomy":"be_general","embeddable":true,"href":"https:\/\/www.somospacientes.com\/federacion-gallega-de-enfermedades-raras-e-cronicas-fegerec\/wp-json\/wp\/v2\/be_general?post=195"},{"taxonomy":"be_media_type","embeddable":true,"href":"https:\/\/www.somospacientes.com\/federacion-gallega-de-enfermedades-raras-e-cronicas-fegerec\/wp-json\/wp\/v2\/be_media_type?post=195"}],"curies":[{"name":"wp","href":"https:\/\/api.w.org\/{rel}","templated":true}]}}