{"id":208,"date":"2013-11-28T23:22:58","date_gmt":"2013-11-28T22:22:58","guid":{"rendered":"https:\/\/www.somospacientes.com\/federacion-gallega-de-enfermedades-raras-e-cronicas-fegerec\/?p=208"},"modified":"2013-11-28T23:22:58","modified_gmt":"2013-11-28T22:22:58","slug":"i-jornadas-gallegas-de-fisioterapia-en-enfermedades-raras","status":"publish","type":"post","link":"https:\/\/www.somospacientes.com\/federacion-gallega-de-enfermedades-raras-e-cronicas-fegerec\/noticias\/sin-categoria\/i-jornadas-gallegas-de-fisioterapia-en-enfermedades-raras\/","title":{"rendered":"I Jornadas Gallegas de Fisioterapia en Enfermedades Raras"},"content":{"rendered":"<p>FEGEREC organiza las I Jornadas de Fisioterapia en Enfermedades Raras, centradas en la importancia de la rehabilitaci\u00f3n integral desde el modelo biopsicosocial, lainteracci\u00f3n de los diferentes profesionales que intervienen en la rehabilitaci\u00f3n de una persona afectada por una patolog\u00eda poco frecuente y en el abordaje desde el punto de vista de la fisioterapia de diferentes patolog\u00edas y s\u00edntomas.<\/p>\n<p>Las Jornadas, dirigidas a profesionales y estudiantes de fisioterapia y de otras ramas de la salud, se realizar\u00e1n durante la tarde del viernes 13 y la ma\u00f1ana del s\u00e1bado 14 de diciembre en el Aula Magna de la Facultad de Fisioterapia de la UDC en A Coru\u00f1a y ser\u00e1 necesaria la preinscripci\u00f3n, que se deber\u00e1 enviar al correo electr\u00f3nico fegerec@gmail.com.<\/p>\n<p>En FEGEREC consideramos fundamental la formaci\u00f3n, el conocimiento e intercambio de opiniones entre profesionales sobre los abordajes m\u00e1s eficaces en la sintomatolog\u00eda de estas enfermedades poco frecuentes, es por eso que estas Jornadas se abren a todos los profesionales implicados en el tratamiento de afectados por enfermedades raras.<\/p>\n<p><a href=\"https:\/\/www.somospacientes.com\/federacion-gallega-de-enfermedades-raras-e-cronicas-fegerec\/files\/2013\/11\/jornadas-fisioterapia-enfermedades-raras-fegerec.jpg\"><img loading=\"lazy\" decoding=\"async\" class=\"aligncenter size-large wp-image-209\" src=\"https:\/\/www.somospacientes.com\/federacion-gallega-de-enfermedades-raras-e-cronicas-fegerec\/files\/2013\/11\/jornadas-fisioterapia-enfermedades-raras-fegerec-1024x723.jpg\" alt=\"\" width=\"1024\" height=\"723\" srcset=\"https:\/\/www.somospacientes.com\/federacion-gallega-de-enfermedades-raras-e-cronicas-fegerec\/files\/2013\/11\/jornadas-fisioterapia-enfermedades-raras-fegerec-1024x723.jpg 1024w, https:\/\/www.somospacientes.com\/federacion-gallega-de-enfermedades-raras-e-cronicas-fegerec\/files\/2013\/11\/jornadas-fisioterapia-enfermedades-raras-fegerec-300x212.jpg 300w, https:\/\/www.somospacientes.com\/federacion-gallega-de-enfermedades-raras-e-cronicas-fegerec\/files\/2013\/11\/jornadas-fisioterapia-enfermedades-raras-fegerec-50x35.jpg 50w, https:\/\/www.somospacientes.com\/federacion-gallega-de-enfermedades-raras-e-cronicas-fegerec\/files\/2013\/11\/jornadas-fisioterapia-enfermedades-raras-fegerec-150x106.jpg 150w, https:\/\/www.somospacientes.com\/federacion-gallega-de-enfermedades-raras-e-cronicas-fegerec\/files\/2013\/11\/jornadas-fisioterapia-enfermedades-raras-fegerec-85x60.jpg 85w, https:\/\/www.somospacientes.com\/federacion-gallega-de-enfermedades-raras-e-cronicas-fegerec\/files\/2013\/11\/jornadas-fisioterapia-enfermedades-raras-fegerec-630x445.jpg 630w, https:\/\/www.somospacientes.com\/federacion-gallega-de-enfermedades-raras-e-cronicas-fegerec\/files\/2013\/11\/jornadas-fisioterapia-enfermedades-raras-fegerec.jpg 1754w\" sizes=\"auto, (max-width: 1024px) 100vw, 1024px\" \/><\/a><\/p>\n","protected":false},"excerpt":{"rendered":"<p>FEGEREC organiza las I Jornadas de Fisioterapia en Enfermedades Raras, centradas en la importancia de la rehabilitaci\u00f3n integral desde el modelo biopsicosocial, lainteracci\u00f3n de los diferentes profesionales que intervienen en la rehabilitaci\u00f3n de una persona afectada por una patolog\u00eda poco frecuente y en el abordaje desde el punto de vista de la fisioterapia de diferentes [&hellip;]<\/p>\n","protected":false},"author":42,"featured_media":209,"comment_status":"open","ping_status":"open","sticky":false,"template":"","format":"standard","meta":{"_acf_changed":false,"footnotes":""},"categories":[1],"tags":[],"be_disease":[789,801,592,593,594,811,614,824,638],"be_general":[],"be_media_type":[],"class_list":["post-208","post","type-post","status-publish","format-standard","has-post-thumbnail","hentry","category-sin-categoria","be_disease-atrofia-muscular-espinal","be_disease-distrofia-muscular","be_disease-enfermedades-neuromusculares","be_disease-enfermedades-raras","be_disease-esclerosis-lateral-amiotrofica","be_disease-fibrosis-quistica","be_disease-miastenia-grave","be_disease-porfiria","be_disease-trastornos-del-cerebro-y-del-sistema-nervioso"],"acf":[],"_links":{"self":[{"href":"https:\/\/www.somospacientes.com\/federacion-gallega-de-enfermedades-raras-e-cronicas-fegerec\/wp-json\/wp\/v2\/posts\/208","targetHints":{"allow":["GET"]}}],"collection":[{"href":"https:\/\/www.somospacientes.com\/federacion-gallega-de-enfermedades-raras-e-cronicas-fegerec\/wp-json\/wp\/v2\/posts"}],"about":[{"href":"https:\/\/www.somospacientes.com\/federacion-gallega-de-enfermedades-raras-e-cronicas-fegerec\/wp-json\/wp\/v2\/types\/post"}],"author":[{"embeddable":true,"href":"https:\/\/www.somospacientes.com\/federacion-gallega-de-enfermedades-raras-e-cronicas-fegerec\/wp-json\/wp\/v2\/users\/42"}],"replies":[{"embeddable":true,"href":"https:\/\/www.somospacientes.com\/federacion-gallega-de-enfermedades-raras-e-cronicas-fegerec\/wp-json\/wp\/v2\/comments?post=208"}],"version-history":[{"count":2,"href":"https:\/\/www.somospacientes.com\/federacion-gallega-de-enfermedades-raras-e-cronicas-fegerec\/wp-json\/wp\/v2\/posts\/208\/revisions"}],"predecessor-version":[{"id":211,"href":"https:\/\/www.somospacientes.com\/federacion-gallega-de-enfermedades-raras-e-cronicas-fegerec\/wp-json\/wp\/v2\/posts\/208\/revisions\/211"}],"wp:featuredmedia":[{"embeddable":true,"href":"https:\/\/www.somospacientes.com\/federacion-gallega-de-enfermedades-raras-e-cronicas-fegerec\/wp-json\/wp\/v2\/media\/209"}],"wp:attachment":[{"href":"https:\/\/www.somospacientes.com\/federacion-gallega-de-enfermedades-raras-e-cronicas-fegerec\/wp-json\/wp\/v2\/media?parent=208"}],"wp:term":[{"taxonomy":"category","embeddable":true,"href":"https:\/\/www.somospacientes.com\/federacion-gallega-de-enfermedades-raras-e-cronicas-fegerec\/wp-json\/wp\/v2\/categories?post=208"},{"taxonomy":"post_tag","embeddable":true,"href":"https:\/\/www.somospacientes.com\/federacion-gallega-de-enfermedades-raras-e-cronicas-fegerec\/wp-json\/wp\/v2\/tags?post=208"},{"taxonomy":"be_disease","embeddable":true,"href":"https:\/\/www.somospacientes.com\/federacion-gallega-de-enfermedades-raras-e-cronicas-fegerec\/wp-json\/wp\/v2\/be_disease?post=208"},{"taxonomy":"be_general","embeddable":true,"href":"https:\/\/www.somospacientes.com\/federacion-gallega-de-enfermedades-raras-e-cronicas-fegerec\/wp-json\/wp\/v2\/be_general?post=208"},{"taxonomy":"be_media_type","embeddable":true,"href":"https:\/\/www.somospacientes.com\/federacion-gallega-de-enfermedades-raras-e-cronicas-fegerec\/wp-json\/wp\/v2\/be_media_type?post=208"}],"curies":[{"name":"wp","href":"https:\/\/api.w.org\/{rel}","templated":true}]}}