{"id":106,"date":"2011-12-15T17:36:05","date_gmt":"2011-12-15T16:36:05","guid":{"rendered":"https:\/\/www.somospacientes.com\/federacion-nacional-de-asociaciones-alcer-assoc\/?p=106"},"modified":"2011-12-15T17:36:05","modified_gmt":"2011-12-15T16:36:05","slug":"renal-tube-un-portal-para-mejorar-las-tubulopatias","status":"publish","type":"post","link":"https:\/\/www.somospacientes.com\/federacion-nacional-de-asociaciones-alcer\/noticias\/sin-categoria\/renal-tube-un-portal-para-mejorar-las-tubulopatias\/","title":{"rendered":"&#8216;Renal Tube&#8217;, un portal para mejorar las tubulopat\u00edas"},"content":{"rendered":"<p align=\"justify\"><a href=\"https:\/\/www.somospacientes.com\/federacion-nacional-de-asociaciones-alcer-assoc\/files\/2011\/12\/renaltube5.jpg\"><img loading=\"lazy\" decoding=\"async\" class=\"alignleft size-medium wp-image-112\" src=\"https:\/\/www.somospacientes.com\/federacion-nacional-de-asociaciones-alcer-assoc\/files\/2011\/12\/renaltube5-300x210.jpg\" alt=\"\" width=\"300\" height=\"210\" srcset=\"https:\/\/www.somospacientes.com\/federacion-nacional-de-asociaciones-alcer\/files\/2011\/12\/renaltube5-300x210.jpg 300w, https:\/\/www.somospacientes.com\/federacion-nacional-de-asociaciones-alcer\/files\/2011\/12\/renaltube5-50x35.jpg 50w, https:\/\/www.somospacientes.com\/federacion-nacional-de-asociaciones-alcer\/files\/2011\/12\/renaltube5-150x105.jpg 150w, https:\/\/www.somospacientes.com\/federacion-nacional-de-asociaciones-alcer\/files\/2011\/12\/renaltube5-85x59.jpg 85w, https:\/\/www.somospacientes.com\/federacion-nacional-de-asociaciones-alcer\/files\/2011\/12\/renaltube5-125x87.jpg 125w, https:\/\/www.somospacientes.com\/federacion-nacional-de-asociaciones-alcer\/files\/2011\/12\/renaltube5-630x441.jpg 630w, https:\/\/www.somospacientes.com\/federacion-nacional-de-asociaciones-alcer\/files\/2011\/12\/renaltube5.jpg 895w\" sizes=\"auto, (max-width: 300px) 100vw, 300px\" \/><\/a>La divisi\u00f3n de nefrolog\u00eda pedi\u00e1trica y el laboratorio de gen\u00e9tica molecular del Hospital Central de Asturias han creado, junto a investigadores del Hospital Universitario Nuestra Se\u00f1ora de Candelaria de Tenerife y el Hospital de Cruces de Bilbao, el portal RenalTube para recopilar informaci\u00f3n cl\u00ednica sobre las tubulopat\u00edas primarias, enfermedades gen\u00e9ticas renales raras que suelen aparecer en la infancia.<!--more--><\/p>\n<p align=\"justify\">Gracias a la iniciativa, expertos de todo el mundo pueden contribuir a conocer mejor estas patolog\u00edas raras y mejorar su tratamiento, ya que la creaci\u00f3n de este tipo de portales cl\u00ednicos permite progresar en el conocimiento de las enfermedades, de tal forma que los m\u00e9dicos pueden compartir informaci\u00f3n y mejorar as\u00ed la atenci\u00f3n global de estos pacientes, quienes, debido a la baja prevalencia de su enfermedad, no reciben la atenci\u00f3n que requieren.<\/p>\n<p align=\"justify\">RenalTube gestiona una base de datos con informaci\u00f3n cl\u00ednica de los pacientes y analiza paralelamente las muestras de sangre que env\u00edan los m\u00e9dicos colaboradores. La participaci\u00f3n es voluntaria.<\/p>\n<p align=\"justify\">La financiaci\u00f3n corre a cargo de un proyecto de investigaci\u00f3n en Tecnolog\u00edas Sanitarias del Instituto de Salud Carlos III (concedido por segunda vez consecutiva) y recibi\u00f3 la Ayuda Merck Serono 2011 para la investigaci\u00f3n en bases moleculares en las enfermedades raras y sus implicaciones cl\u00ednicas.<\/p>\n","protected":false},"excerpt":{"rendered":"<p>La divisi\u00f3n de nefrolog\u00eda pedi\u00e1trica y el laboratorio de gen\u00e9tica molecular del Hospital Central de Asturias han creado, junto a investigadores del Hospital Universitario Nuestra Se\u00f1ora de Candelaria de Tenerife y el Hospital de Cruces de Bilbao, el portal RenalTube para recopilar informaci\u00f3n cl\u00ednica sobre las tubulopat\u00edas primarias, enfermedades gen\u00e9ticas renales raras que suelen aparecer [&hellip;]<\/p>\n","protected":false},"author":160,"featured_media":111,"comment_status":"open","ping_status":"open","sticky":false,"template":"","format":"standard","meta":{"_acf_changed":false,"footnotes":""},"categories":[1],"tags":[],"be_disease":[],"be_general":[],"be_media_type":[],"class_list":["post-106","post","type-post","status-publish","format-standard","has-post-thumbnail","hentry","category-sin-categoria"],"acf":[],"_links":{"self":[{"href":"https:\/\/www.somospacientes.com\/federacion-nacional-de-asociaciones-alcer\/wp-json\/wp\/v2\/posts\/106","targetHints":{"allow":["GET"]}}],"collection":[{"href":"https:\/\/www.somospacientes.com\/federacion-nacional-de-asociaciones-alcer\/wp-json\/wp\/v2\/posts"}],"about":[{"href":"https:\/\/www.somospacientes.com\/federacion-nacional-de-asociaciones-alcer\/wp-json\/wp\/v2\/types\/post"}],"author":[{"embeddable":true,"href":"https:\/\/www.somospacientes.com\/federacion-nacional-de-asociaciones-alcer\/wp-json\/wp\/v2\/users\/160"}],"replies":[{"embeddable":true,"href":"https:\/\/www.somospacientes.com\/federacion-nacional-de-asociaciones-alcer\/wp-json\/wp\/v2\/comments?post=106"}],"version-history":[{"count":2,"href":"https:\/\/www.somospacientes.com\/federacion-nacional-de-asociaciones-alcer\/wp-json\/wp\/v2\/posts\/106\/revisions"}],"predecessor-version":[{"id":114,"href":"https:\/\/www.somospacientes.com\/federacion-nacional-de-asociaciones-alcer\/wp-json\/wp\/v2\/posts\/106\/revisions\/114"}],"wp:featuredmedia":[{"embeddable":true,"href":"https:\/\/www.somospacientes.com\/federacion-nacional-de-asociaciones-alcer\/wp-json\/wp\/v2\/media\/111"}],"wp:attachment":[{"href":"https:\/\/www.somospacientes.com\/federacion-nacional-de-asociaciones-alcer\/wp-json\/wp\/v2\/media?parent=106"}],"wp:term":[{"taxonomy":"category","embeddable":true,"href":"https:\/\/www.somospacientes.com\/federacion-nacional-de-asociaciones-alcer\/wp-json\/wp\/v2\/categories?post=106"},{"taxonomy":"post_tag","embeddable":true,"href":"https:\/\/www.somospacientes.com\/federacion-nacional-de-asociaciones-alcer\/wp-json\/wp\/v2\/tags?post=106"},{"taxonomy":"be_disease","embeddable":true,"href":"https:\/\/www.somospacientes.com\/federacion-nacional-de-asociaciones-alcer\/wp-json\/wp\/v2\/be_disease?post=106"},{"taxonomy":"be_general","embeddable":true,"href":"https:\/\/www.somospacientes.com\/federacion-nacional-de-asociaciones-alcer\/wp-json\/wp\/v2\/be_general?post=106"},{"taxonomy":"be_media_type","embeddable":true,"href":"https:\/\/www.somospacientes.com\/federacion-nacional-de-asociaciones-alcer\/wp-json\/wp\/v2\/be_media_type?post=106"}],"curies":[{"name":"wp","href":"https:\/\/api.w.org\/{rel}","templated":true}]}}