{"id":148,"date":"2024-03-20T16:37:54","date_gmt":"2024-03-20T15:37:54","guid":{"rendered":"https:\/\/www.somospacientes.com\/fedhemo\/?p=148"},"modified":"2024-03-20T16:37:55","modified_gmt":"2024-03-20T15:37:55","slug":"4-razones-por-las-que-debes-asistir-al-congreso-mundial-de-hemofilia","status":"publish","type":"post","link":"https:\/\/www.somospacientes.com\/fedhemo\/noticias\/sin-categoria\/4-razones-por-las-que-debes-asistir-al-congreso-mundial-de-hemofilia\/","title":{"rendered":"4 Razones por las que debes asistir al Congreso Mundial de Hemofilia"},"content":{"rendered":"\n<ul class=\"wp-block-list\">\n<li><strong>Estamos a pocos d\u00edas del Congreso Mundial de Hemofilia y desde la Federacion Espa\u00f1ola de Hemofilia queremos daros razones por las que se debe asistir a este Congreso<\/strong><\/li>\n<\/ul>\n\n\n\n<p>Este a\u00f1o, Madrid se convertir\u00e1 en el epicentro mundial de la investigaci\u00f3n y el intercambio de conocimientos en el \u00e1mbito de las coagulopat\u00edas. La Federaci\u00f3n Mundial de Hemofilia y la Federaci\u00f3n Espa\u00f1ola de Hemofilia tienen el honor de anunciar el Congreso Mundial de Hemofilia y Otras Coagulopat\u00edas, que se llevar\u00e1 a cabo del 21 al 24 de abril en el recinto ferial IFEMA.<\/p>\n\n\n\n<p><strong>Innovaci\u00f3n, Colaboraci\u00f3n y Esperanza: Un Llamado a la Acci\u00f3n<\/strong><\/p>\n\n\n\n<p>El congreso reunir\u00e1 a renombrados expertos, profesionales de la salud, investigadores, pacientes y defensores de todo el mundo para compartir experiencias, descubrimientos cient\u00edficos y avances m\u00e9dicos relacionados con las coagulopat\u00edas, incluida la hemofilia y la coagulopat\u00eda Von Willebrand.<\/p>\n\n\n\n<p>Este evento no solo ser\u00e1 una plataforma para la presentaci\u00f3n de investigaciones de vanguardia y terapias emergentes, sino tambi\u00e9n una oportunidad \u00fanica para fomentar la colaboraci\u00f3n entre profesionales de la salud y promover el empoderamiento de la comunidad afectada.<\/p>\n\n\n\n<p><strong>Razones para Asistir:<\/strong><\/p>\n\n\n\n<ol class=\"wp-block-list\">\n<li><strong>Experiencias Inspiradoras:<\/strong>&nbsp;Pacientes y sus familias compartir\u00e1n sus experiencias, destacando el coraje y la resiliencia en la gesti\u00f3n diaria de las coagulopat\u00edas.<\/li>\n\n\n\n<li><strong>Conferencias de Vanguardia:<\/strong>&nbsp;Expertos l\u00edderes brindar\u00e1n conferencias magistrales sobre los \u00faltimos avances en investigaci\u00f3n, tratamientos innovadores y estrategias para mejorar la calidad de vida de quienes viven con coagulopat\u00edas.<\/li>\n\n\n\n<li><strong>Sesiones Interactivas:<\/strong>&nbsp;Talleres y mesas redondas proporcionar\u00e1n un espacio para el intercambio directo de ideas, experiencias y mejores pr\u00e1cticas entre profesionales de la salud y pacientes.<\/li>\n\n\n\n<li><strong>Exposici\u00f3n Tecnol\u00f3gica:<\/strong>&nbsp;Empresas farmac\u00e9uticas y organizaciones especializadas exhibir\u00e1n sus productos y servicios m\u00e1s recientes, ofreciendo una visi\u00f3n completa de las opciones de tratamiento disponibles.<\/li>\n<\/ol>\n\n\n\n<p><strong>Participa en la Transformaci\u00f3n:<\/strong><\/p>\n\n\n\n<p>Este congreso representa una oportunidad \u00fanica para contribuir a la transformaci\u00f3n del panorama de las coagulopat\u00edas. Invitamos a profesionales de la salud, investigadores, pacientes, y defensores a unirse a nosotros en Madrid para inspirarse, aprender y colaborar en la construcci\u00f3n de un futuro m\u00e1s esperanzador para aquellos afectados por estas condiciones.<\/p>\n\n\n\n<p><strong>Detalles del Evento:<\/strong><\/p>\n\n\n\n<p><em>Fecha:<\/em>&nbsp;21 al 24 de abril de 2024&nbsp;<em>Lugar:<\/em>&nbsp;IFEMA, Madrid<\/p>\n\n\n\n<p><strong>Inscripciones y Programa Completo:<\/strong>&nbsp;Visite el sitio web oficial del Congreso Mundial de Hemofilia y Otras Coagulopat\u00edas para obtener m\u00e1s informaci\u00f3n y asegurar su participaci\u00f3n en este evento trascendental.<\/p>\n\n\n\n<p>\u00a1Esperamos darle la bienvenida a Madrid para este encuentro global que promete marcar un hito en la lucha contra las coagulopat\u00edas y brindar un mensaje de esperanza a la comunidad internacional!<\/p>\n","protected":false},"excerpt":{"rendered":"<p>Este a\u00f1o, Madrid se convertir\u00e1 en el epicentro mundial de la investigaci\u00f3n y el intercambio de conocimientos en el \u00e1mbito de las coagulopat\u00edas. La Federaci\u00f3n Mundial de Hemofilia y la Federaci\u00f3n Espa\u00f1ola de Hemofilia tienen el honor de anunciar el Congreso Mundial de Hemofilia y Otras Coagulopat\u00edas, que se llevar\u00e1 a cabo del 21 al [&hellip;]<\/p>\n","protected":false},"author":578,"featured_media":0,"comment_status":"open","ping_status":"open","sticky":false,"template":"","format":"standard","meta":{"_acf_changed":false,"footnotes":""},"categories":[1],"tags":[],"be_disease":[],"be_general":[],"be_media_type":[],"class_list":["post-148","post","type-post","status-publish","format-standard","hentry","category-sin-categoria"],"acf":[],"_links":{"self":[{"href":"https:\/\/www.somospacientes.com\/fedhemo\/wp-json\/wp\/v2\/posts\/148","targetHints":{"allow":["GET"]}}],"collection":[{"href":"https:\/\/www.somospacientes.com\/fedhemo\/wp-json\/wp\/v2\/posts"}],"about":[{"href":"https:\/\/www.somospacientes.com\/fedhemo\/wp-json\/wp\/v2\/types\/post"}],"author":[{"embeddable":true,"href":"https:\/\/www.somospacientes.com\/fedhemo\/wp-json\/wp\/v2\/users\/578"}],"replies":[{"embeddable":true,"href":"https:\/\/www.somospacientes.com\/fedhemo\/wp-json\/wp\/v2\/comments?post=148"}],"version-history":[{"count":1,"href":"https:\/\/www.somospacientes.com\/fedhemo\/wp-json\/wp\/v2\/posts\/148\/revisions"}],"predecessor-version":[{"id":149,"href":"https:\/\/www.somospacientes.com\/fedhemo\/wp-json\/wp\/v2\/posts\/148\/revisions\/149"}],"wp:attachment":[{"href":"https:\/\/www.somospacientes.com\/fedhemo\/wp-json\/wp\/v2\/media?parent=148"}],"wp:term":[{"taxonomy":"category","embeddable":true,"href":"https:\/\/www.somospacientes.com\/fedhemo\/wp-json\/wp\/v2\/categories?post=148"},{"taxonomy":"post_tag","embeddable":true,"href":"https:\/\/www.somospacientes.com\/fedhemo\/wp-json\/wp\/v2\/tags?post=148"},{"taxonomy":"be_disease","embeddable":true,"href":"https:\/\/www.somospacientes.com\/fedhemo\/wp-json\/wp\/v2\/be_disease?post=148"},{"taxonomy":"be_general","embeddable":true,"href":"https:\/\/www.somospacientes.com\/fedhemo\/wp-json\/wp\/v2\/be_general?post=148"},{"taxonomy":"be_media_type","embeddable":true,"href":"https:\/\/www.somospacientes.com\/fedhemo\/wp-json\/wp\/v2\/be_media_type?post=148"}],"curies":[{"name":"wp","href":"https:\/\/api.w.org\/{rel}","templated":true}]}}