{"id":150,"date":"2024-03-27T14:20:02","date_gmt":"2024-03-27T13:20:02","guid":{"rendered":"https:\/\/www.somospacientes.com\/fedhemo\/?p=150"},"modified":"2024-03-27T14:20:03","modified_gmt":"2024-03-27T13:20:03","slug":"si-eres-enfermero-a-en-fedhemo-te-estamos-buscando-para-campamento-hemopeques-2024","status":"publish","type":"post","link":"https:\/\/www.somospacientes.com\/fedhemo\/noticias\/sin-categoria\/si-eres-enfermero-a-en-fedhemo-te-estamos-buscando-para-campamento-hemopeques-2024\/","title":{"rendered":"Si eres enfermero\/a , en Fedhemo te estamos buscando para campamento HemoPeques 2024"},"content":{"rendered":"\n<h2 class=\"wp-block-heading\">Si eres enfermero\/a , en Fedhemo te estamos buscando para campamento HemoPeques 2024<\/h2>\n\n\n\n<ul class=\"wp-block-list\">\n<li><strong>Si eres un profesional de la salud enfermero\/a que quiere aprender m\u00e1s de hemofilia y otras coagulopat\u00edas, esta oferta temporal para el campamento HemoPeques 2024 te interesa<\/strong><\/li>\n<\/ul>\n\n\n\n<p>En la Federaci\u00f3n Espa\u00f1ola de Hemofilia esta preparando todo lo necesario para el \u201cXXXV Jornadas de Formaci\u00f3n en Hemofilia para ni\u00f1os\/as de 8 a 12 a\u00f1os\u201d tambi\u00e9n conocida como \u201cHemoPeques\u201d o \u201cLa Charca\u201d. Unos campamentos que son muy importantes a la hora de formar a estos menores sobre sus coagulopat\u00edas como ir aprendiendo de manera aut\u00f3noma a manejar su mediaci\u00f3n. Os dejamos aqu\u00ed abajo toda la informaci\u00f3n necesaria que necesit\u00e1is.<\/p>\n\n\n\n<p><strong>Formaci\u00f3n necesaria&nbsp;<\/strong>Diplomatura \/ Grado en ENFERMER\u00cdA<\/p>\n\n\n\n<p><strong>Formaci\u00f3n complementaria&nbsp;<\/strong>Formaci\u00f3n en hematolog\u00eda, hemofilia y otras coagulopat\u00edas<\/p>\n\n\n\n<p><strong>Requisitos&nbsp;<\/strong>Experiencia en administraci\u00f3n de tratamiento intravenoso y dado de alta en el Colegio Profesional<\/p>\n\n\n\n<p><strong>Valorable<\/strong>&nbsp;Conocimiento sobre la Hemofilia y otras coagulopat\u00edas; certificado de discapacidad e ingl\u00e9s<\/p>\n\n\n\n<p><strong>Competencias&nbsp;<\/strong>Capacidad de organizaci\u00f3n y trabajo en equipo; don de gentes y habilidades Sociales<\/p>\n\n\n\n<p><strong>Descripci\u00f3n del puesto<\/strong><\/p>\n\n\n\n<p>Se requiere un profesional de enfermer\u00eda para prestar asistencia sanitaria a ni\u00f1os y ni\u00f1as con hemofilia y otros trastornos de la coagulaci\u00f3n. A la hemofilia, es una enfermedad cr\u00f3nica que requiere de un tratamiento continuada. Este tratamiento puede administrarse por v\u00eda intravenosa o subcut\u00e1neo. El profesional sanitario estar\u00e1 durante 24 horas durante 15 d\u00edas (del del 14 al 25 de julio, en Totana, Murcia) en un campamento de verano para ni\u00f1os y ni\u00f1as con coagulopat\u00edas donde se mezclan actividades l\u00fadicas, propias de la edad, con actividades formativas en torno a la patolog\u00eda. Esta persona ser\u00e1 la encargada de administrar el tratamiento a los menores, prestar asistencia sanitaria cuando se requiera y favorecer el aprendizaje de los ni\u00f1os y ni\u00f1as en cuanto a la administraci\u00f3n de su tratamiento y manejo de su enfermedad.<\/p>\n\n\n\n<p>Salario seg\u00fan Convenio de atenci\u00f3n apersonas con discapacidad (aprox. 1500 \u20ac) 15 d\u00edas<\/p>\n\n\n\n<p><strong>Funciones<\/strong><\/p>\n\n\n\n<ul class=\"wp-block-list\">\n<li>Administraci\u00f3n de tratamiento a ni\u00f1os y ni\u00f1as entre 8 y 12 a\u00f1os intravenoso o subcut\u00e1neo<\/li>\n\n\n\n<li>Ayudar y educar a los ni\u00f1os y ni\u00f1as de 8 a 12 a\u00f1os a administrarse el tratamiento de forma aut\u00f3noma.<\/li>\n\n\n\n<li>Preparar material did\u00e1ctico para ense\u00f1ar a los ni\u00f1os y ni\u00f1as como administrarse su tratamiento<\/li>\n\n\n\n<li>Prestar atenci\u00f3n sanitaria cuando se requiera.<\/li>\n\n\n\n<li>Asistencia 24 horas durante el campamento<\/li>\n<\/ul>\n\n\n\n<p><strong>Interesados<\/strong><\/p>\n\n\n\n<p>Mandar un correo a fedhemo@fedhemo.com<\/p>\n","protected":false},"excerpt":{"rendered":"<p>Si eres enfermero\/a , en Fedhemo te estamos buscando para campamento HemoPeques 2024 En la Federaci\u00f3n Espa\u00f1ola de Hemofilia esta preparando todo lo necesario para el \u201cXXXV Jornadas de Formaci\u00f3n en Hemofilia para ni\u00f1os\/as de 8 a 12 a\u00f1os\u201d tambi\u00e9n conocida como \u201cHemoPeques\u201d o \u201cLa Charca\u201d. Unos campamentos que son muy importantes a la hora [&hellip;]<\/p>\n","protected":false},"author":578,"featured_media":151,"comment_status":"open","ping_status":"open","sticky":false,"template":"","format":"standard","meta":{"_acf_changed":false,"footnotes":""},"categories":[1],"tags":[],"be_disease":[],"be_general":[],"be_media_type":[],"class_list":["post-150","post","type-post","status-publish","format-standard","has-post-thumbnail","hentry","category-sin-categoria"],"acf":[],"_links":{"self":[{"href":"https:\/\/www.somospacientes.com\/fedhemo\/wp-json\/wp\/v2\/posts\/150","targetHints":{"allow":["GET"]}}],"collection":[{"href":"https:\/\/www.somospacientes.com\/fedhemo\/wp-json\/wp\/v2\/posts"}],"about":[{"href":"https:\/\/www.somospacientes.com\/fedhemo\/wp-json\/wp\/v2\/types\/post"}],"author":[{"embeddable":true,"href":"https:\/\/www.somospacientes.com\/fedhemo\/wp-json\/wp\/v2\/users\/578"}],"replies":[{"embeddable":true,"href":"https:\/\/www.somospacientes.com\/fedhemo\/wp-json\/wp\/v2\/comments?post=150"}],"version-history":[{"count":1,"href":"https:\/\/www.somospacientes.com\/fedhemo\/wp-json\/wp\/v2\/posts\/150\/revisions"}],"predecessor-version":[{"id":152,"href":"https:\/\/www.somospacientes.com\/fedhemo\/wp-json\/wp\/v2\/posts\/150\/revisions\/152"}],"wp:featuredmedia":[{"embeddable":true,"href":"https:\/\/www.somospacientes.com\/fedhemo\/wp-json\/wp\/v2\/media\/151"}],"wp:attachment":[{"href":"https:\/\/www.somospacientes.com\/fedhemo\/wp-json\/wp\/v2\/media?parent=150"}],"wp:term":[{"taxonomy":"category","embeddable":true,"href":"https:\/\/www.somospacientes.com\/fedhemo\/wp-json\/wp\/v2\/categories?post=150"},{"taxonomy":"post_tag","embeddable":true,"href":"https:\/\/www.somospacientes.com\/fedhemo\/wp-json\/wp\/v2\/tags?post=150"},{"taxonomy":"be_disease","embeddable":true,"href":"https:\/\/www.somospacientes.com\/fedhemo\/wp-json\/wp\/v2\/be_disease?post=150"},{"taxonomy":"be_general","embeddable":true,"href":"https:\/\/www.somospacientes.com\/fedhemo\/wp-json\/wp\/v2\/be_general?post=150"},{"taxonomy":"be_media_type","embeddable":true,"href":"https:\/\/www.somospacientes.com\/fedhemo\/wp-json\/wp\/v2\/be_media_type?post=150"}],"curies":[{"name":"wp","href":"https:\/\/api.w.org\/{rel}","templated":true}]}}