{"id":113,"date":"2014-10-10T18:16:19","date_gmt":"2014-10-10T16:16:19","guid":{"rendered":"https:\/\/www.somospacientes.com\/fneth-2\/?p=113"},"modified":"2014-10-10T18:16:19","modified_gmt":"2014-10-10T16:16:19","slug":"atehna-y-sare-piden-un-%e2%80%9cplan-de-accion%e2%80%9d-para-que-la-sanidad-navarra-extienda-de-forma-progresiva-el-uso-de-los-nuevos-tratamientos-contra-la-hepatitis-c","status":"publish","type":"post","link":"https:\/\/www.somospacientes.com\/fneth-2\/noticias\/sin-categoria\/atehna-y-sare-piden-un-%e2%80%9cplan-de-accion%e2%80%9d-para-que-la-sanidad-navarra-extienda-de-forma-progresiva-el-uso-de-los-nuevos-tratamientos-contra-la-hepatitis-c\/","title":{"rendered":"ATEHNA y SARE piden un \u201cplan de acci\u00f3n\u201d para que la Sanidad navarra extienda de forma progresiva el uso de los nuevos tratamientos contra la hepatitis C"},"content":{"rendered":"<p>La Asociaci\u00f3n de Enfermos y Trasplantados Hep\u00e1ticos de Navarra, ATEHNA, y la asociaci\u00f3n SARE, de apoyo a enfermos de VIH\/Sida, apostaron ayer en el Parlamento de Navarra por un \u201cplan de acci\u00f3n\u201d para que la Sanidad navarra extienda de forma progresiva el uso de los nuevos tratamientos contra la hepatitis C en biterapia conjunta aplicada a los enfermos. Este plan deber\u00eda llevar\u00a0 consigo la eliminaci\u00f3n, progresiva tambi\u00e9n, del primer tratamiento que surgi\u00f3 contra la enfermedad, por sus enormes efectos secundarios.<\/p>\n<p>El presidente de ATEHNA, Antonio Garc\u00eda, denuncia que la planificaci\u00f3n de los tratamientos \u00a0\u201cno se hace exclusivamente desde el punto de vista m\u00e9dico-cient\u00edfico, porque lo que\u00a0 prima es la cuesti\u00f3n presupuestaria, cuando lo que puede estar\u00a0 en juego es la vida de personas.\u201d En este sentido, Garc\u00eda advierte que \u201cno se puede poner en peligro la vida de\u00a0 un enfermo por no ser tratado con la terapia adecuada, ni nadie puede caer en un trasplante pudi\u00e9ndose evitar.\u201d<\/p>\n<p>El anuncio del Ministerio de incluir el nuevo f\u00e1rmaco Sofosbuvir en la lista de medicamentos subvencionados es recibido positivamente por ambas asociaciones, ya que a su juicio \u201cpodr\u00eda abrir la puerta a su uso en nuevos pacientes\u201d, si bien \u201ctodav\u00eda hay que leer la letra peque\u00f1a\u201d. Seg\u00fan el presidente de ATEHNA, con la aprobaci\u00f3n del f\u00e1rmaco de forma general y en tratamiento de forma conjunta \u00a0con Simeprevir, \u201cla curaci\u00f3n podr\u00eda llegar al 90 por ciento\u201d de los pacientes m\u00e1s afectados por la enfermedad.<\/p>\n<p>Se calcula que la hepatitis C afecta en Navarra a 9.000 personas, m\u00e1s de la \u00a0mitad de ellas sin diagnosticar, si bien no existe un censo oficial. De estas personas, el 20 por ciento se van a curar de forma natural, y del 80 por ciento restante, unas 1.400 personas, evolucionar\u00e1n de forma progresiva hacia una cirrosis y tendr\u00e1n que ser tratadas.<\/p>\n<p>&nbsp;<\/p>\n<p>&nbsp;<\/p>\n","protected":false},"excerpt":{"rendered":"<p>La Asociaci\u00f3n de Enfermos y Trasplantados Hep\u00e1ticos de Navarra, ATEHNA, y la asociaci\u00f3n SARE, de apoyo a enfermos de VIH\/Sida, apostaron ayer en el Parlamento de Navarra por un \u201cplan de acci\u00f3n\u201d para que la Sanidad navarra extienda de forma progresiva el uso de los nuevos tratamientos contra la hepatitis C en biterapia conjunta aplicada [&hellip;]<\/p>\n","protected":false},"author":388,"featured_media":0,"comment_status":"open","ping_status":"open","sticky":false,"template":"","format":"standard","meta":{"_acf_changed":false,"footnotes":""},"categories":[1],"tags":[],"be_disease":[814,634,639],"be_general":[555],"be_media_type":[],"class_list":["post-113","post","type-post","status-publish","format-standard","hentry","category-sin-categoria","be_disease-hepatitis","be_disease-trasplantes","be_disease-trastornos-del-higado","be_general-organismos"],"acf":[],"_links":{"self":[{"href":"https:\/\/www.somospacientes.com\/fneth-2\/wp-json\/wp\/v2\/posts\/113","targetHints":{"allow":["GET"]}}],"collection":[{"href":"https:\/\/www.somospacientes.com\/fneth-2\/wp-json\/wp\/v2\/posts"}],"about":[{"href":"https:\/\/www.somospacientes.com\/fneth-2\/wp-json\/wp\/v2\/types\/post"}],"author":[{"embeddable":true,"href":"https:\/\/www.somospacientes.com\/fneth-2\/wp-json\/wp\/v2\/users\/388"}],"replies":[{"embeddable":true,"href":"https:\/\/www.somospacientes.com\/fneth-2\/wp-json\/wp\/v2\/comments?post=113"}],"version-history":[{"count":2,"href":"https:\/\/www.somospacientes.com\/fneth-2\/wp-json\/wp\/v2\/posts\/113\/revisions"}],"predecessor-version":[{"id":115,"href":"https:\/\/www.somospacientes.com\/fneth-2\/wp-json\/wp\/v2\/posts\/113\/revisions\/115"}],"wp:attachment":[{"href":"https:\/\/www.somospacientes.com\/fneth-2\/wp-json\/wp\/v2\/media?parent=113"}],"wp:term":[{"taxonomy":"category","embeddable":true,"href":"https:\/\/www.somospacientes.com\/fneth-2\/wp-json\/wp\/v2\/categories?post=113"},{"taxonomy":"post_tag","embeddable":true,"href":"https:\/\/www.somospacientes.com\/fneth-2\/wp-json\/wp\/v2\/tags?post=113"},{"taxonomy":"be_disease","embeddable":true,"href":"https:\/\/www.somospacientes.com\/fneth-2\/wp-json\/wp\/v2\/be_disease?post=113"},{"taxonomy":"be_general","embeddable":true,"href":"https:\/\/www.somospacientes.com\/fneth-2\/wp-json\/wp\/v2\/be_general?post=113"},{"taxonomy":"be_media_type","embeddable":true,"href":"https:\/\/www.somospacientes.com\/fneth-2\/wp-json\/wp\/v2\/be_media_type?post=113"}],"curies":[{"name":"wp","href":"https:\/\/api.w.org\/{rel}","templated":true}]}}