{"id":106,"date":"2013-05-03T20:33:59","date_gmt":"2013-05-03T18:33:59","guid":{"rendered":"https:\/\/www.somospacientes.com\/fundacion-ataxia-de-friedreich-en-movimiento\/?p=106"},"modified":"2013-05-03T20:33:59","modified_gmt":"2013-05-03T18:33:59","slug":"colaboracion-de-juan-fernando-lopez-aguilar-con-la-investigacion-biomedica-para-la-ataxia-de-friedreich","status":"publish","type":"post","link":"https:\/\/www.somospacientes.com\/fundacion-ataxia-de-friedreich-en-movimiento\/noticias\/firmas\/colaboracion-de-juan-fernando-lopez-aguilar-con-la-investigacion-biomedica-para-la-ataxia-de-friedreich\/","title":{"rendered":"COLABORACION DE JUAN FERNANDO L\u00d3PEZ AGUILAR CON LA INVESTIGACI\u00d3N BIOM\u00c9DICA PARA LA ATAXIA DE FRIEDREICH"},"content":{"rendered":"<p><a href=\"https:\/\/www.somospacientes.com\/fundacion-ataxia-de-friedreich-en-movimiento\/files\/2013\/05\/logo-fundacion.jpg\"><img loading=\"lazy\" decoding=\"async\" class=\"alignleft size-full wp-image-107\" src=\"https:\/\/www.somospacientes.com\/fundacion-ataxia-de-friedreich-en-movimiento\/files\/2013\/05\/logo-fundacion.jpg\" alt=\"\" width=\"126\" height=\"80\" srcset=\"https:\/\/www.somospacientes.com\/fundacion-ataxia-de-friedreich-en-movimiento\/files\/2013\/05\/logo-fundacion.jpg 126w, https:\/\/www.somospacientes.com\/fundacion-ataxia-de-friedreich-en-movimiento\/files\/2013\/05\/logo-fundacion-125x80.jpg 125w, https:\/\/www.somospacientes.com\/fundacion-ataxia-de-friedreich-en-movimiento\/files\/2013\/05\/logo-fundacion-50x31.jpg 50w, https:\/\/www.somospacientes.com\/fundacion-ataxia-de-friedreich-en-movimiento\/files\/2013\/05\/logo-fundacion-85x53.jpg 85w\" sizes=\"auto, (max-width: 126px) 100vw, 126px\" \/><\/a><\/p>\n<p>Madrid, 2 de mayo de 2013<\/p>\n<p>&nbsp;<\/p>\n<p>&nbsp;<\/p>\n<p align=\"center\"><strong><span style=\"text-decoration: underline\">IV MUESTRA \u201cACUARELAS PARA LA ATAXIA\u201d Palacete Bidarte, Deusto (Bilbao) del 20 al 31 de mayo de 2013<\/span><\/strong><\/p>\n<p align=\"center\"><strong><\/strong><\/p>\n<p align=\"center\"><strong><\/strong><\/p>\n<p style=\"text-align: center\" align=\"center\"><strong><\/strong><\/p>\n<p style=\"text-align: center\" align=\"center\">\n<p style=\"text-align: center\"><strong><em><span style=\"text-decoration: underline\">Juan Fernando L\u00f3pez Aguilar<\/span><\/em><\/strong> es pol\u00edtico, catedr\u00e1tico y jurista, fue Ministro de justicia del 2004 al 2007. Actualmente forma parte de la Delegaci\u00f3n Espa\u00f1ola del Parlamento Europeo y adem\u00e1s, es artista en varias facetas como los grandes hombres del renacimiento.<\/p>\n<p style=\"text-align: center\">\u00a0Reconocido por su labor por la justicia y su inter\u00e9s por los avances cient\u00edficos.<\/p>\n<p style=\"text-align: center\">Como colaboraci\u00f3n para el desarrollo del proyecto de la Fundaci\u00f3n Ataxia de Friedreich en Movimiento(<a href=\"http:\/\/www.fundacionataxia.org\">www.fundacionataxia.org<\/a>) nos ha dibujado y dedicado dos\u00a0ilustraciones que expresan nuestro valor como guerreros-quijotes contra la adversidad.<\/p>\n<p style=\"text-align: center\">\u00a0<a title=\"&quot;Caballero&quot; \" href=\"http:\/\/www.acuarelasataxia.org\/components\/com_virtuemart\/shop_image\/product\/Caballero_515aab98ed297.jpg\"><\/p>\n<p><\/a>\u00a0\u00a0\u00a0\u00a0\u00a0\u00a0\u00a0\u00a0\u00a0\u00a0\u00a0\u00a0\u00a0\u00a0\u00a0\u00a0\u00a0\u00a0\u00a0\u00a0<a href=\"https:\/\/www.somospacientes.com\/fundacion-ataxia-de-friedreich-en-movimiento\/files\/2013\/05\/Caballero_515aab98dcf8d_310x310.jpg\"><img loading=\"lazy\" decoding=\"async\" class=\"alignleft size-thumbnail wp-image-108\" src=\"https:\/\/www.somospacientes.com\/fundacion-ataxia-de-friedreich-en-movimiento\/files\/2013\/05\/Caballero_515aab98dcf8d_310x310-150x150.jpg\" alt=\"\" width=\"203\" height=\"231\" \/><\/a>\u00a0\u00a0\u00a0\u00a0\u00a0\u00a0<a href=\"https:\/\/www.somospacientes.com\/fundacion-ataxia-de-friedreich-en-movimiento\/files\/2013\/05\/Soldado_515aab3c70ad6_310x310.jpg\"><img loading=\"lazy\" decoding=\"async\" src=\"https:\/\/www.somospacientes.com\/fundacion-ataxia-de-friedreich-en-movimiento\/files\/2013\/05\/Soldado_515aab3c70ad6_310x310-150x150.jpg\" alt=\"\" width=\"242\" height=\"212\" \/><\/a><a title=\"&quot;Soldado&quot; \" href=\"http:\/\/www.acuarelasataxia.org\/components\/com_virtuemart\/shop_image\/product\/Soldado_515aab3c77b65.jpg\"><\/p>\n<p><\/a><\/p>\n<p style=\"text-align: center\">\n<p style=\"text-align: center\">\n<p style=\"text-align: center\">\n<p style=\"text-align: center\">\n<p style=\"text-align: center\">Puedes verlas ya en el cat\u00e1logo virtual de la web\u00a0<a href=\"http:\/\/www.acuarelasataxia.org\">www.acuarelasataxia.org<\/a>\u00a0, y a partir del d\u00eda 20 de Mayo adquirirlas en la misma.<\/p>\n<p>&nbsp;<\/p>\n<p>&nbsp;<\/p>\n","protected":false},"excerpt":{"rendered":"<p>Madrid, 2 de mayo de 2013 &nbsp; &nbsp; IV MUESTRA \u201cACUARELAS PARA LA ATAXIA\u201d Palacete Bidarte, Deusto (Bilbao) del 20 al 31 de mayo de 2013 Juan Fernando L\u00f3pez Aguilar es pol\u00edtico, catedr\u00e1tico y jurista, fue Ministro de justicia del 2004 al 2007. Actualmente forma parte de la Delegaci\u00f3n Espa\u00f1ola del Parlamento Europeo y adem\u00e1s, [&hellip;]<\/p>\n","protected":false},"author":203,"featured_media":107,"comment_status":"open","ping_status":"open","sticky":false,"template":"","format":"standard","meta":{"_acf_changed":false,"footnotes":""},"categories":[1160],"tags":[],"be_disease":[587,592,593],"be_general":[562],"be_media_type":[561],"class_list":["post-106","post","type-post","status-publish","format-standard","has-post-thumbnail","hentry","category-firmas","be_disease-discapacidad-y-dependencia","be_disease-enfermedades-neuromusculares","be_disease-enfermedades-raras","be_general-otras-enfermedades","be_media_type-documentos-archivos"],"acf":[],"_links":{"self":[{"href":"https:\/\/www.somospacientes.com\/fundacion-ataxia-de-friedreich-en-movimiento\/wp-json\/wp\/v2\/posts\/106","targetHints":{"allow":["GET"]}}],"collection":[{"href":"https:\/\/www.somospacientes.com\/fundacion-ataxia-de-friedreich-en-movimiento\/wp-json\/wp\/v2\/posts"}],"about":[{"href":"https:\/\/www.somospacientes.com\/fundacion-ataxia-de-friedreich-en-movimiento\/wp-json\/wp\/v2\/types\/post"}],"author":[{"embeddable":true,"href":"https:\/\/www.somospacientes.com\/fundacion-ataxia-de-friedreich-en-movimiento\/wp-json\/wp\/v2\/users\/203"}],"replies":[{"embeddable":true,"href":"https:\/\/www.somospacientes.com\/fundacion-ataxia-de-friedreich-en-movimiento\/wp-json\/wp\/v2\/comments?post=106"}],"version-history":[{"count":4,"href":"https:\/\/www.somospacientes.com\/fundacion-ataxia-de-friedreich-en-movimiento\/wp-json\/wp\/v2\/posts\/106\/revisions"}],"predecessor-version":[{"id":113,"href":"https:\/\/www.somospacientes.com\/fundacion-ataxia-de-friedreich-en-movimiento\/wp-json\/wp\/v2\/posts\/106\/revisions\/113"}],"wp:featuredmedia":[{"embeddable":true,"href":"https:\/\/www.somospacientes.com\/fundacion-ataxia-de-friedreich-en-movimiento\/wp-json\/wp\/v2\/media\/107"}],"wp:attachment":[{"href":"https:\/\/www.somospacientes.com\/fundacion-ataxia-de-friedreich-en-movimiento\/wp-json\/wp\/v2\/media?parent=106"}],"wp:term":[{"taxonomy":"category","embeddable":true,"href":"https:\/\/www.somospacientes.com\/fundacion-ataxia-de-friedreich-en-movimiento\/wp-json\/wp\/v2\/categories?post=106"},{"taxonomy":"post_tag","embeddable":true,"href":"https:\/\/www.somospacientes.com\/fundacion-ataxia-de-friedreich-en-movimiento\/wp-json\/wp\/v2\/tags?post=106"},{"taxonomy":"be_disease","embeddable":true,"href":"https:\/\/www.somospacientes.com\/fundacion-ataxia-de-friedreich-en-movimiento\/wp-json\/wp\/v2\/be_disease?post=106"},{"taxonomy":"be_general","embeddable":true,"href":"https:\/\/www.somospacientes.com\/fundacion-ataxia-de-friedreich-en-movimiento\/wp-json\/wp\/v2\/be_general?post=106"},{"taxonomy":"be_media_type","embeddable":true,"href":"https:\/\/www.somospacientes.com\/fundacion-ataxia-de-friedreich-en-movimiento\/wp-json\/wp\/v2\/be_media_type?post=106"}],"curies":[{"name":"wp","href":"https:\/\/api.w.org\/{rel}","templated":true}]}}