{"id":47,"date":"2012-02-12T18:47:49","date_gmt":"2012-02-12T17:47:49","guid":{"rendered":"https:\/\/www.somospacientes.com\/fundacion-ataxia-de-friedreich-en-movimiento\/?p=47"},"modified":"2012-02-24T19:26:53","modified_gmt":"2012-02-24T18:26:53","slug":"ii-muestra-benefica-%e2%80%9cacuarelas-para-la-ataxia%e2%80%9d-del-4-al-18-mayo-2012-en-el-iltre-colegio-oficial-de-medicos-de-madrid","status":"publish","type":"post","link":"https:\/\/www.somospacientes.com\/fundacion-ataxia-de-friedreich-en-movimiento\/noticias\/proyectos\/ii-muestra-benefica-%e2%80%9cacuarelas-para-la-ataxia%e2%80%9d-del-4-al-18-mayo-2012-en-el-iltre-colegio-oficial-de-medicos-de-madrid\/","title":{"rendered":"II MUESTRA BEN\u00c9FICA \u201cACUARELAS PARA LA ATAXIA\u201d"},"content":{"rendered":"<p>La exposici\u00f3n se celebrar\u00e1\u00a0del 4 al 18 de mayo de 2012\u00a0en\u00a0el Ilustre Colegio de M\u00e9dicos de Madrid\u00a0(c\/ Santa Isabel 51, 28012 Madrid),\u00a0fij\u00e1ndose\u00a0la\u00a0inauguraci\u00f3n\u00a0de la misma para el\u00a0viernes 4 de mayo de 2012 a las \u00a013.00 horas. Desde la\u00a0Fundaci\u00f3n\u00a0de Ataxia de Friedreich en Movimiento, hacemos una llamada a los artistas, que, con su\u00a0contribuci\u00f3n\u00a0deseen participar en el proyecto de\u00a0curaci\u00f3n\u00a0de la Ataxia de Friedreich.<!--more--><br \/>\n<img loading=\"lazy\" decoding=\"async\" class=\"size-medium wp-image-48 alignleft\" src=\"https:\/\/www.somospacientes.com\/fundacion-ataxia-de-friedreich-en-movimiento\/files\/2012\/02\/cartelexpoacuarelas1-212x300.jpg\" alt=\"\" width=\"338\" height=\"424\" \/><\/p>\n<p>&nbsp;<\/p>\n<p style=\"text-align: center\"><strong>FUNDACI\u00d3N \u201cATAXIA DE FRIEDREICH EN MOVIMIENTO\u201d<\/strong><\/p>\n<p><strong>EN COLABORACI\u00d3N CON LA\u00a0 AGRUPACI\u00d3N DE ACUARELISTAS DE ANDALUC\u00cdA Y AGRUPACI\u00d3N ESPA\u00d1OLA DE ACUARELISTAS\u00a0 ORGANIZAN LA II MUESTRA BEN\u00c9FICA DE ACUARELAS A FAVOR DE LA FUNDACI\u00d3N \u201cATAXIA DE FRIEDREICH EN MOVIMIENTO\u201d EN MADRID EN MAYO DE 2012<\/strong>.<\/p>\n<p style=\"text-align: center\"><em>BASES DE LA CONVOCATORIA DE LA EXPOSICI\u00d3N<\/em><\/p>\n<p>La distintas Agrupaciones de Acuarelistas, en base al acuerdo de colaboraci\u00f3n suscrito por la Agrupaci\u00f3n de Acuarelistas de Andaluc\u00eda y la Vocal\u00eda de Sevilla con la Fundaci\u00f3n \u201cAtaxia de Friedreich en Movimiento\u201d, convoca la exposici\u00f3n ben\u00e9fica de acuarelas a favor de la citada Fundaci\u00f3n de acuerdo a las siguientes bases:<\/p>\n<p>1.\u00a0 La exposici\u00f3n se celebrar\u00e1 del 4 al 18 de mayo de 2012 en el Ilustre Colegio de M\u00e9dicos de Madrid (c\/ Santa Isabel 51, 28012 Madrid), fij\u00e1ndose la inauguraci\u00f3n de la misma para el viernes 4 de mayo de 2012 a las 13.00 horas.<\/p>\n<p>2. Podr\u00e1n participar en la exposici\u00f3n todos los socios de\u00a0 la Agrupaci\u00f3n de Acuarelistas de Andaluc\u00eda, Agrupaci\u00f3n Espa\u00f1ola de Acuarelas , otras Agrupaciones de Acuarelistas participantes y todos aquellos artistas que, no perteneciendo a ninguna de las Agrupaciones, deseen donar sus obras para el fin ben\u00e9fico de la exposici\u00f3n.<\/p>\n<p>3.\u00a0 Las obras ser\u00e1n donadas por sus autores a la Fundaci\u00f3n \u201cAtaxia de Friedreich en Movimiento\u201d, con el fin exclusivo de su venta para recaudar fondos destinados a fomentar la investigaci\u00f3n cient\u00edfica de excelencia relacionada con la ataxia de Friedreich. Todos los beneficios generados por la venta de las obras donadas se ingresar\u00e1n en una cuenta espec\u00edfica creada a tal fin (entidad: Banca C\u00edvica; n\u00famero de cuenta:\u00a0 2054\u00a0\u00a0\u00a0\u00a0 2007\u00a0 19\u00a0 9163878652)<\/p>\n<p>4.\u00a0 Las obras que no sean expuestas en la sala por falta de espacio se expondr\u00e1n en un cat\u00e1logo virtual al que se podr\u00e1 acceder a trav\u00e9s del blog de la exposici\u00f3n (<a href=\"http:\/\/www.acuarelasataxia.org\/\">www.acuarelasataxia.org<\/a>)\u00a0 y de las p\u00e1ginas Webs oficiales de las entidades organizadoras (<a href=\"http:\/\/www.fundacionataxia.org\/;www.acuarelistasdeandalucia.es\">http:\/\/www.fundacionataxia.org\/;www.acuarelistasdeandalucia.es<\/a>\u00a0\u00a0\u00a0 para su potencial venta online.<\/p>\n<p>5.\u00a0 El tema las obras donadas ser\u00e1 libre, d\u00e1ndole prioridad a la t\u00e9cnica\u00a0 de acuarela sobre papel. Se admitir\u00e1n obras realizadas con cualquier t\u00e9cnica.\u00a0 Las obras han de ser necesariamente originales.<\/p>\n<p>6.\u00a0 Las obras se donar\u00e1n debidamente enmarcadas y protegidas por material transparente resistente (cristal, metacrilato o similar) para ser expuestas en la sala. Como alternativa, se admitir\u00e1n acuarelas sin enmarcar, preferiblemente de peque\u00f1o formato, que se colocar\u00e1n en carpetas expositoras destinadas a tal fin\u00a0 y ubicadas en\u00a0 la sala de exposici\u00f3n en un lugar visible para los visitantes.<\/p>\n<p>7.\u00a0 Las obras donadas se entregar\u00e1n en mano o mediante env\u00edo postal certificado o mensajer\u00eda el jueves 26 de abril de 2012 en el Ilustre Colegio de M\u00e9dicos de Madrid (c\/ Santa Isabel 51, 28012 Madrid), de 9 a 19 horas. Los gastos de entrega y\/o env\u00edo de las obras correr\u00e1n a cargo de cada autor. Se recomienda que las obras que se env\u00eden por correo o por mensajer\u00eda est\u00e9n debidamente aseguradas por su autor\/a, ya que la organizaci\u00f3n no se podr\u00e1 hacer cargo en ning\u00fan caso de indemnizaciones por extrav\u00edo de obras ocurrido durante el proceso de env\u00edo.<\/p>\n<p>8.\u00a0 Cada participante podr\u00e1 presentar a la exposici\u00f3n el n\u00famero de obras que desee, que necesariamente deben de estar\u00a0 debidamente identificadas (t\u00edtulo, autor, t\u00edtulo, tama\u00f1o en cms. de alto x ancho medido el original sin enmarcar, tipo de papel y gramaje del mismo y precio de venta recomendado).<\/p>\n<p>9.\u00a0 Cada participante deber\u00e1 de realizar, antes del mi\u00e9rcoles 18 de abril de 2012, la preceptiva solicitud de inscripci\u00f3n, mediante el formulario electr\u00f3nico de inscripci\u00f3n espec\u00edfico al que se podr\u00e1 acceder a trav\u00e9s del blog de la exposici\u00f3n (<a href=\"http:\/\/www.acuarelasataxia.org\/\">www.acuarelasataxia.org<\/a>)\u00a0 y en el que figurar\u00e1n:<br \/>\n\u2022Los datos del autor (nombre y 2 apellidos, DNI, direcci\u00f3n postal, e-mail y tel\u00e9fono de contacto)<br \/>\n\u2022Las caracter\u00edsticas (t\u00edtulo, tama\u00f1o, tipo y gramaje de papel utilizado) y precio recomendado de la(s) obra(s) donada(s).<br \/>\n\u2022Una fotograf\u00eda digital de cada una de las obras donadas sin enmarcar, (en formato JPG, tama\u00f1o 200-400 kb) para elaborar el cat\u00e1logo virtual de la exposici\u00f3n.<br \/>\n\u2022La aceptaci\u00f3n expl\u00edcita de las bases de la presente convocatoria, incluyendo las condiciones de donaci\u00f3n de las obras a la Fundaci\u00f3n \u201cAtaxia de Friedreich en Movimiento\u201d para el fin \u00fanico para el que fueron donadas.<\/p>\n<p>10.\u00a0 El precio de venta de cada obra\u00a0 ser\u00e1 fijado por un comit\u00e9 de expertos nombrado a\u00a0 propuesta del consejo organizador de la exposici\u00f3n, teniendo en cuenta que la finalidad \u00fanica de esta exposici\u00f3n ben\u00e9fica es recaudar fondos para\u00a0 la investigaci\u00f3n cient\u00edfica de posibles tratamientos para la ataxia de Friedreich y que los precios, en la medida de lo posible, deben de ajustarse para que las acuarelas resulten asequibles para su venta. El comit\u00e9 se compromete a respetar al m\u00e1ximo el precio recomendado por cada autor y en caso de modificaci\u00f3n de dicho precio, se har\u00e1 explicando el criterio adoptado.<\/p>\n<p>11. Siempre y cuando el autor lo desee las obras donadas y no vendidas quedar\u00e1n en propiedad de la Fundaci\u00f3n \u00abAtaxia de Friedreich en Movimiento\u00bb, con la \u00fanica condici\u00f3n de que sean utilizadas exclusivamente para el fin ben\u00e9fico espec\u00edfico para el que fueron donadas y respetando el precio de venta fijado por el comit\u00e9. Dichas obras seguir\u00e1n a la venta por plazo indefinido en el cat\u00e1logo on-line de la exposici\u00f3n o ser\u00e1n incorporadas a la siguiente edici\u00f3n de Acuarelas para la Ataxia. El autor que desee recuperar su(s) obra(s) no vendida(s), podr\u00e1n recogerlas en el Iltre. Colegio de M\u00e9dicos de Madrid cuando se clausure la exposici\u00f3n.<\/p>\n<p>12. La participaci\u00f3n en este certamen supone la aceptaci\u00f3n impl\u00edcita y expl\u00edcita de estas bases.<\/p>\n<p>&nbsp;<\/p>\n<p>&nbsp;<\/p>\n<p style=\"text-align: right\">En Madrid, a 15 de enero de 2012.<\/p>\n<p style=\"text-align: right\">Fdo.:\u00a0 Isabel Gonz\u00e1lez Jim\u00e9nez. Ana Garc\u00eda Olmo<\/p>\n<p style=\"text-align: right\">\u00a0Fundaci\u00f3n Ataxia de Friedreich en Movimiento<\/p>\n<p>&nbsp;<\/p>\n<p><a href=\"http:\/\/www.fundacionataxia.org\/\">http:\/\/www.fundacionataxia.org\/<\/a><br \/>\nIsabel Gonz\u00e1lez Jim\u00e9nez.: <a href=\"mailto:igonzalezjimenez@gmail.com\">igonzalezjimenez@gmail.com<\/a>\u00a0 Tf.:91-4453280 ,654731529<br \/>\nAna Garc\u00eda Olmo.: <a href=\"mailto:anagarfo@hotmail.com\">anagarfo@hotmail.com<\/a>\u00a0\u00a0 Tf.:91-8709281,655654400<br \/>\nRosa A\u00f1\u00f3n Abajas.: <a href=\"mailto:rabajas@us.es\">rabajas@us.es<\/a>\u00a0\u00a0 Tf.: 68775867\u00a00<\/p>\n<p>&nbsp;<\/p>\n","protected":false},"excerpt":{"rendered":"<p>La exposici\u00f3n se celebrar\u00e1\u00a0del 4 al 18 de mayo de 2012\u00a0en\u00a0el Ilustre Colegio de M\u00e9dicos de Madrid\u00a0(c\/ Santa Isabel 51, 28012 Madrid),\u00a0fij\u00e1ndose\u00a0la\u00a0inauguraci\u00f3n\u00a0de la misma para el\u00a0viernes 4 de mayo de 2012 a las \u00a013.00 horas. Desde la\u00a0Fundaci\u00f3n\u00a0de Ataxia de Friedreich en Movimiento, hacemos una llamada a los artistas, que, con su\u00a0contribuci\u00f3n\u00a0deseen participar en el proyecto [&hellip;]<\/p>\n","protected":false},"author":203,"featured_media":0,"comment_status":"open","ping_status":"open","sticky":false,"template":"","format":"standard","meta":{"_acf_changed":false,"footnotes":""},"categories":[1424],"tags":[],"be_disease":[587,592,593],"be_general":[562],"be_media_type":[560],"class_list":["post-47","post","type-post","status-publish","format-standard","hentry","category-proyectos","be_disease-discapacidad-y-dependencia","be_disease-enfermedades-neuromusculares","be_disease-enfermedades-raras","be_general-otras-enfermedades","be_media_type-fotografias"],"acf":[],"_links":{"self":[{"href":"https:\/\/www.somospacientes.com\/fundacion-ataxia-de-friedreich-en-movimiento\/wp-json\/wp\/v2\/posts\/47","targetHints":{"allow":["GET"]}}],"collection":[{"href":"https:\/\/www.somospacientes.com\/fundacion-ataxia-de-friedreich-en-movimiento\/wp-json\/wp\/v2\/posts"}],"about":[{"href":"https:\/\/www.somospacientes.com\/fundacion-ataxia-de-friedreich-en-movimiento\/wp-json\/wp\/v2\/types\/post"}],"author":[{"embeddable":true,"href":"https:\/\/www.somospacientes.com\/fundacion-ataxia-de-friedreich-en-movimiento\/wp-json\/wp\/v2\/users\/203"}],"replies":[{"embeddable":true,"href":"https:\/\/www.somospacientes.com\/fundacion-ataxia-de-friedreich-en-movimiento\/wp-json\/wp\/v2\/comments?post=47"}],"version-history":[{"count":10,"href":"https:\/\/www.somospacientes.com\/fundacion-ataxia-de-friedreich-en-movimiento\/wp-json\/wp\/v2\/posts\/47\/revisions"}],"predecessor-version":[{"id":53,"href":"https:\/\/www.somospacientes.com\/fundacion-ataxia-de-friedreich-en-movimiento\/wp-json\/wp\/v2\/posts\/47\/revisions\/53"}],"wp:attachment":[{"href":"https:\/\/www.somospacientes.com\/fundacion-ataxia-de-friedreich-en-movimiento\/wp-json\/wp\/v2\/media?parent=47"}],"wp:term":[{"taxonomy":"category","embeddable":true,"href":"https:\/\/www.somospacientes.com\/fundacion-ataxia-de-friedreich-en-movimiento\/wp-json\/wp\/v2\/categories?post=47"},{"taxonomy":"post_tag","embeddable":true,"href":"https:\/\/www.somospacientes.com\/fundacion-ataxia-de-friedreich-en-movimiento\/wp-json\/wp\/v2\/tags?post=47"},{"taxonomy":"be_disease","embeddable":true,"href":"https:\/\/www.somospacientes.com\/fundacion-ataxia-de-friedreich-en-movimiento\/wp-json\/wp\/v2\/be_disease?post=47"},{"taxonomy":"be_general","embeddable":true,"href":"https:\/\/www.somospacientes.com\/fundacion-ataxia-de-friedreich-en-movimiento\/wp-json\/wp\/v2\/be_general?post=47"},{"taxonomy":"be_media_type","embeddable":true,"href":"https:\/\/www.somospacientes.com\/fundacion-ataxia-de-friedreich-en-movimiento\/wp-json\/wp\/v2\/be_media_type?post=47"}],"curies":[{"name":"wp","href":"https:\/\/api.w.org\/{rel}","templated":true}]}}