{"id":134,"date":"2015-03-05T19:03:15","date_gmt":"2015-03-05T18:03:15","guid":{"rendered":"https:\/\/www.somospacientes.com\/fundacion-dacer\/?p=134"},"modified":"2015-03-05T19:03:15","modified_gmt":"2015-03-05T18:03:15","slug":"la-escuela-de-familias-dacer-es-reconocida-como-modelo-de-atencion-integrado-por-la-omis","status":"publish","type":"post","link":"https:\/\/www.somospacientes.com\/fundacion-dacer\/noticias\/proyectos\/la-escuela-de-familias-dacer-es-reconocida-como-modelo-de-atencion-integrado-por-la-omis\/","title":{"rendered":"La Escuela de Familias DACER es reconocida como modelo de atenci\u00f3n integrado por la OMIS"},"content":{"rendered":"<p>&nbsp;<\/p>\n<p><a href=\"https:\/\/www.somospacientes.com\/fundacion-dacer\/files\/2015\/03\/OMIS.png\"><img loading=\"lazy\" decoding=\"async\" class=\"alignleft size-full wp-image-140\" src=\"https:\/\/www.somospacientes.com\/fundacion-dacer\/files\/2015\/03\/OMIS.png\" alt=\"\" width=\"241\" height=\"127\" srcset=\"https:\/\/www.somospacientes.com\/fundacion-dacer\/files\/2015\/03\/OMIS.png 241w, https:\/\/www.somospacientes.com\/fundacion-dacer\/files\/2015\/03\/OMIS-50x26.png 50w, https:\/\/www.somospacientes.com\/fundacion-dacer\/files\/2015\/03\/OMIS-150x79.png 150w, https:\/\/www.somospacientes.com\/fundacion-dacer\/files\/2015\/03\/OMIS-85x44.png 85w\" sizes=\"auto, (max-width: 241px) 100vw, 241px\" \/><\/a><\/p>\n<p><img loading=\"lazy\" decoding=\"async\" class=\"aligncenter size-medium wp-image-138\" src=\"https:\/\/www.somospacientes.com\/fundacion-dacer\/files\/2015\/03\/Imagen11-300x108.png\" alt=\"\" width=\"300\" height=\"108\" srcset=\"https:\/\/www.somospacientes.com\/fundacion-dacer\/files\/2015\/03\/Imagen11-300x108.png 300w, https:\/\/www.somospacientes.com\/fundacion-dacer\/files\/2015\/03\/Imagen11-1024x371.png 1024w, https:\/\/www.somospacientes.com\/fundacion-dacer\/files\/2015\/03\/Imagen11-50x18.png 50w, https:\/\/www.somospacientes.com\/fundacion-dacer\/files\/2015\/03\/Imagen11-150x54.png 150w, https:\/\/www.somospacientes.com\/fundacion-dacer\/files\/2015\/03\/Imagen11-85x30.png 85w, https:\/\/www.somospacientes.com\/fundacion-dacer\/files\/2015\/03\/Imagen11-630x228.png 630w, https:\/\/www.somospacientes.com\/fundacion-dacer\/files\/2015\/03\/Imagen11.png 1620w\" sizes=\"auto, (max-width: 300px) 100vw, 300px\" \/><\/p>\n<p style=\"text-align: left\"><a href=\"https:\/\/www.somospacientes.com\/fundacion-dacer\/files\/2015\/03\/Newhealth-Foundation.png\"><img loading=\"lazy\" decoding=\"async\" class=\"alignleft size-full wp-image-136\" src=\"https:\/\/www.somospacientes.com\/fundacion-dacer\/files\/2015\/03\/Newhealth-Foundation.png\" alt=\"\" width=\"270\" height=\"99\" srcset=\"https:\/\/www.somospacientes.com\/fundacion-dacer\/files\/2015\/03\/Newhealth-Foundation.png 270w, https:\/\/www.somospacientes.com\/fundacion-dacer\/files\/2015\/03\/Newhealth-Foundation-50x18.png 50w, https:\/\/www.somospacientes.com\/fundacion-dacer\/files\/2015\/03\/Newhealth-Foundation-150x55.png 150w, https:\/\/www.somospacientes.com\/fundacion-dacer\/files\/2015\/03\/Newhealth-Foundation-85x31.png 85w\" sizes=\"auto, (max-width: 270px) 100vw, 270px\" \/><\/a><\/p>\n<p>&nbsp;<\/p>\n<p>&nbsp;<\/p>\n<p>&nbsp;<\/p>\n<p>&nbsp;<\/p>\n<p>A mediados de 2014 de la mano de la fundaci\u00f3n New Health, naci\u00f3 el OMIS (Observatorio de Modelos Integrados en Salud); un proyecto dise\u00f1ado para promover la coordinaci\u00f3n sociosanitaria y la sinergia de los \u00e1mbitos sanitario y social a nivel nacional.<\/p>\n<p>Desde Enero de este a\u00f1o 2015 el OMIS reconoce la metodolog\u00eda y paradigma innovador de la Escuela de Familias de la Fundaci\u00f3n DACER.<\/p>\n<p>Las caracter\u00edsticas m\u00e1s salientes que el OMIS reconoce son: la creaci\u00f3n de un modelo de atenci\u00f3n unificado e integrado al afectado por da\u00f1o cerebral y el papel activo del familiar\/cuidador como agente implicado en la recuperaci\u00f3n.<\/p>\n<p>Desde la Fundaci\u00f3n DACER queremos agradecer el reconocimiento de nuestra labor. Nuestro deseo sigue siendo llegar al mayor n\u00famero de personas a trav\u00e9s de un paradigma de atenci\u00f3n integrada, y gracias a iniciativas como la del OMIS estamos m\u00e1s cerca de lograrlo.<\/p>\n<p>M\u00e1s informaci\u00f3n en<a href=\"http:\/\/www.fundaciondacer.org\/\">\u00a0www.fundaciondacer.org<\/a>\u00a0o info@fundaciondacer.org<\/p>\n","protected":false},"excerpt":{"rendered":"<p>&nbsp; &nbsp; &nbsp; &nbsp; &nbsp; A mediados de 2014 de la mano de la fundaci\u00f3n New Health, naci\u00f3 el OMIS (Observatorio de Modelos Integrados en Salud); un proyecto dise\u00f1ado para promover la coordinaci\u00f3n sociosanitaria y la sinergia de los \u00e1mbitos sanitario y social a nivel nacional. Desde Enero de este a\u00f1o 2015 el OMIS reconoce [&hellip;]<\/p>\n","protected":false},"author":707,"featured_media":0,"comment_status":"open","ping_status":"open","sticky":false,"template":"","format":"standard","meta":{"_acf_changed":false,"footnotes":""},"categories":[1424],"tags":[],"be_disease":[],"be_general":[],"be_media_type":[],"class_list":["post-134","post","type-post","status-publish","format-standard","hentry","category-proyectos"],"acf":[],"_links":{"self":[{"href":"https:\/\/www.somospacientes.com\/fundacion-dacer\/wp-json\/wp\/v2\/posts\/134","targetHints":{"allow":["GET"]}}],"collection":[{"href":"https:\/\/www.somospacientes.com\/fundacion-dacer\/wp-json\/wp\/v2\/posts"}],"about":[{"href":"https:\/\/www.somospacientes.com\/fundacion-dacer\/wp-json\/wp\/v2\/types\/post"}],"author":[{"embeddable":true,"href":"https:\/\/www.somospacientes.com\/fundacion-dacer\/wp-json\/wp\/v2\/users\/707"}],"replies":[{"embeddable":true,"href":"https:\/\/www.somospacientes.com\/fundacion-dacer\/wp-json\/wp\/v2\/comments?post=134"}],"version-history":[{"count":10,"href":"https:\/\/www.somospacientes.com\/fundacion-dacer\/wp-json\/wp\/v2\/posts\/134\/revisions"}],"predecessor-version":[{"id":149,"href":"https:\/\/www.somospacientes.com\/fundacion-dacer\/wp-json\/wp\/v2\/posts\/134\/revisions\/149"}],"wp:attachment":[{"href":"https:\/\/www.somospacientes.com\/fundacion-dacer\/wp-json\/wp\/v2\/media?parent=134"}],"wp:term":[{"taxonomy":"category","embeddable":true,"href":"https:\/\/www.somospacientes.com\/fundacion-dacer\/wp-json\/wp\/v2\/categories?post=134"},{"taxonomy":"post_tag","embeddable":true,"href":"https:\/\/www.somospacientes.com\/fundacion-dacer\/wp-json\/wp\/v2\/tags?post=134"},{"taxonomy":"be_disease","embeddable":true,"href":"https:\/\/www.somospacientes.com\/fundacion-dacer\/wp-json\/wp\/v2\/be_disease?post=134"},{"taxonomy":"be_general","embeddable":true,"href":"https:\/\/www.somospacientes.com\/fundacion-dacer\/wp-json\/wp\/v2\/be_general?post=134"},{"taxonomy":"be_media_type","embeddable":true,"href":"https:\/\/www.somospacientes.com\/fundacion-dacer\/wp-json\/wp\/v2\/be_media_type?post=134"}],"curies":[{"name":"wp","href":"https:\/\/api.w.org\/{rel}","templated":true}]}}