{"id":77,"date":"2014-02-17T13:49:57","date_gmt":"2014-02-17T12:49:57","guid":{"rendered":"https:\/\/www.somospacientes.com\/lar\/?p=77"},"modified":"2014-02-19T12:22:37","modified_gmt":"2014-02-19T11:22:37","slug":"comienzan-los-talleres-de-terapia-psicologica-de-l-a-r","status":"publish","type":"post","link":"https:\/\/www.somospacientes.com\/lar\/noticias\/sin-categoria\/comienzan-los-talleres-de-terapia-psicologica-de-l-a-r\/","title":{"rendered":"COMIENZAN LOS TALLERES DE TERAPIA PSICOL\u00d3GICA DE L.A.R."},"content":{"rendered":"<p>La Liga Reumatol\u00f3gica Asturiana pone en marcha el primer Taller de Terapia Psicol\u00f3gica , una de las actividades clave dentro de su Programa de Atenci\u00f3n Integral al enfermo reum\u00e1tico y su familia, los Talleres de Terapia Psicol\u00f3gica, impartidos por la Psic\u00f3loga D\u00f1a. Elisa Salvador Kopp, de forma gratuita para las personas asociadas.<\/p>\n<p>Hoy 17 de febrero, da comienzo en Avil\u00e9s, y a lo largo del mes ir\u00e1n comenzando en las restantes sedes que la entidad tiene repartidas por la geograf\u00eda asturiana: Oviedo, Gij\u00f3n, Mieres, Langreo y Llanes.<\/p>\n<p>Son sesiones dirigidas a mejorar la calidad de vida de las personas que tienen que convivir d\u00eda a d\u00eda con dolor cr\u00f3nico y otras sintomatolog\u00edas, fruto de las enfermedades que padecen. Se trata de aplicar estrategias psicol\u00f3gicas que ayuden en el manejo de la activaci\u00f3n fisiol\u00f3gica relacionada con el dolor, en una mejor adaptaci\u00f3n a sus vivencias, as\u00ed como en<br \/>\nun mejor aprendizaje y consolidaci\u00f3n de habilidades de afrontamiento ante su enfermedad. Todo ello en un ambiente de confianza, tranquilidad, compa\u00f1erismo y buen humor.<\/p>\n<p>El taller consta de cuatro sesiones quincenales de 2 \u00a0horas y media de duraci\u00f3n cada sesi\u00f3n.<\/p>\n<p>Estas terapias terap\u00e9uticas se complementan con el resto de Actividades de Car\u00e1cter Preventivo y Rehabilitador que la Asociaci\u00f3n lleva a cabo, como son las Terapias Termales en Balneario, la Fisioterapia Acu\u00e1tica y Talasoterapia, Cursos de Nataci\u00f3n, Aquagym y Gimnasia rehabilitadora.<\/p>\n<p>Atrav\u00e9s de la web <a href=\"http:\/\/www.ligareumatologicaasturiana.com\">www.ligareumatologicaasturiana.com<\/a>\u00a0se pueden consultar los horarios y direcciones de los talleres de terapia psicol\u00f3gica as\u00ed como del resto de actividades organizadas por la Liga Reumatol\u00f3gica Asturiana.<\/p>\n<p align=\"center\">\n","protected":false},"excerpt":{"rendered":"<p>La Liga Reumatol\u00f3gica Asturiana pone en marcha el primer Taller de Terapia Psicol\u00f3gica , una de las actividades clave dentro de su Programa de Atenci\u00f3n Integral al enfermo reum\u00e1tico y su familia, los Talleres de Terapia Psicol\u00f3gica, impartidos por la Psic\u00f3loga D\u00f1a. Elisa Salvador Kopp, de forma gratuita para las personas asociadas. Hoy 17 de [&hellip;]<\/p>\n","protected":false},"author":287,"featured_media":0,"comment_status":"open","ping_status":"open","sticky":false,"template":"","format":"standard","meta":{"_acf_changed":false,"footnotes":""},"categories":[1],"tags":[],"be_disease":[],"be_general":[],"be_media_type":[],"class_list":["post-77","post","type-post","status-publish","format-standard","hentry","category-sin-categoria"],"acf":[],"_links":{"self":[{"href":"https:\/\/www.somospacientes.com\/lar\/wp-json\/wp\/v2\/posts\/77","targetHints":{"allow":["GET"]}}],"collection":[{"href":"https:\/\/www.somospacientes.com\/lar\/wp-json\/wp\/v2\/posts"}],"about":[{"href":"https:\/\/www.somospacientes.com\/lar\/wp-json\/wp\/v2\/types\/post"}],"author":[{"embeddable":true,"href":"https:\/\/www.somospacientes.com\/lar\/wp-json\/wp\/v2\/users\/287"}],"replies":[{"embeddable":true,"href":"https:\/\/www.somospacientes.com\/lar\/wp-json\/wp\/v2\/comments?post=77"}],"version-history":[{"count":6,"href":"https:\/\/www.somospacientes.com\/lar\/wp-json\/wp\/v2\/posts\/77\/revisions"}],"predecessor-version":[{"id":81,"href":"https:\/\/www.somospacientes.com\/lar\/wp-json\/wp\/v2\/posts\/77\/revisions\/81"}],"wp:attachment":[{"href":"https:\/\/www.somospacientes.com\/lar\/wp-json\/wp\/v2\/media?parent=77"}],"wp:term":[{"taxonomy":"category","embeddable":true,"href":"https:\/\/www.somospacientes.com\/lar\/wp-json\/wp\/v2\/categories?post=77"},{"taxonomy":"post_tag","embeddable":true,"href":"https:\/\/www.somospacientes.com\/lar\/wp-json\/wp\/v2\/tags?post=77"},{"taxonomy":"be_disease","embeddable":true,"href":"https:\/\/www.somospacientes.com\/lar\/wp-json\/wp\/v2\/be_disease?post=77"},{"taxonomy":"be_general","embeddable":true,"href":"https:\/\/www.somospacientes.com\/lar\/wp-json\/wp\/v2\/be_general?post=77"},{"taxonomy":"be_media_type","embeddable":true,"href":"https:\/\/www.somospacientes.com\/lar\/wp-json\/wp\/v2\/be_media_type?post=77"}],"curies":[{"name":"wp","href":"https:\/\/api.w.org\/{rel}","templated":true}]}}