{"id":90,"date":"2013-03-07T13:43:03","date_gmt":"2013-03-07T12:43:03","guid":{"rendered":"https:\/\/www.somospacientes.com\/lar\/?p=90"},"modified":"2013-03-07T13:43:03","modified_gmt":"2013-03-07T12:43:03","slug":"excursion-a-galicia-2","status":"publish","type":"post","link":"https:\/\/www.somospacientes.com\/lar\/noticias\/sin-categoria\/excursion-a-galicia-2\/","title":{"rendered":"EXCURSI\u00d3N A GALICIA"},"content":{"rendered":"<p>La Liga Reumatol\u00f3gica Asturiana, dentro de su programa de actividades de ocio y tiempo libre ha organizado un viaje a Galicia que os invitamos a compartir. Un viaje de fin de semana muy interesante que no te puedes perder.<\/p>\n<p><strong>GALICIA TERRA DE AUGA del 5 al 7 de abril <\/strong><\/p>\n<p>El primer d\u00eda visitaremos la ciudad de Villalba (Lugo), donde pasaremos el d\u00eda disfrutando de uno de los mejores spa de Galicia, en el <strong>Hotel Spa Attica 21 Villalba.\u00a0 <\/strong>Al d\u00eda siguiente, despu\u00e9s del desayuno, haremos un recorrido por<strong>la Costa da Morte, visitando la Villa de Laxe, Malpica de Berganti\u00f1os, Betanzos, La Coru\u00f1a.\u00a0 <\/strong>En esta ciudad se\u00f1orial<strong> y <\/strong>burguesa pasaremos la tarde recorriendo la ciudad antigua, plaza de Mar\u00eda Pita, calle Real,etc..\u00a0para acabar visitando la<strong> Torre de H\u00e9rcules, <\/strong>el faro m\u00e1s antiguo del mundo. El tercer d\u00eda recorreremos las <strong>R\u00edas Altas<\/strong>, pasando por la R\u00eda de <strong>Ferrol<\/strong> y las diferentes villas que forman la antesala de la r\u00eda do<strong> Barqueiro<\/strong>. Visitaremos <strong>Viveiro<\/strong> y regresaremos por la villa marinera de <strong>Burela.<br \/>\n<\/strong><\/p>\n<p>&nbsp;<\/p>\n<p><strong><\/strong><strong><em><span style=\"text-decoration: underline\">Para m\u00e1s informaci\u00f3n llamar al tel\u00e9fono 985934893, de lunes a viernes, de 10 a 14 h<\/span><\/em><\/strong><\/p>\n","protected":false},"excerpt":{"rendered":"<p>La Liga Reumatol\u00f3gica Asturiana, dentro de su programa de actividades de ocio y tiempo libre ha organizado un viaje a Galicia que os invitamos a compartir. Un viaje de fin de semana muy interesante que no te puedes perder. GALICIA TERRA DE AUGA del 5 al 7 de abril El primer d\u00eda visitaremos la ciudad [&hellip;]<\/p>\n","protected":false},"author":287,"featured_media":0,"comment_status":"open","ping_status":"open","sticky":false,"template":"","format":"standard","meta":{"_acf_changed":false,"footnotes":""},"categories":[1],"tags":[],"be_disease":[],"be_general":[],"be_media_type":[],"class_list":["post-90","post","type-post","status-publish","format-standard","hentry","category-sin-categoria"],"acf":[],"_links":{"self":[{"href":"https:\/\/www.somospacientes.com\/lar\/wp-json\/wp\/v2\/posts\/90","targetHints":{"allow":["GET"]}}],"collection":[{"href":"https:\/\/www.somospacientes.com\/lar\/wp-json\/wp\/v2\/posts"}],"about":[{"href":"https:\/\/www.somospacientes.com\/lar\/wp-json\/wp\/v2\/types\/post"}],"author":[{"embeddable":true,"href":"https:\/\/www.somospacientes.com\/lar\/wp-json\/wp\/v2\/users\/287"}],"replies":[{"embeddable":true,"href":"https:\/\/www.somospacientes.com\/lar\/wp-json\/wp\/v2\/comments?post=90"}],"version-history":[{"count":2,"href":"https:\/\/www.somospacientes.com\/lar\/wp-json\/wp\/v2\/posts\/90\/revisions"}],"predecessor-version":[{"id":93,"href":"https:\/\/www.somospacientes.com\/lar\/wp-json\/wp\/v2\/posts\/90\/revisions\/93"}],"wp:attachment":[{"href":"https:\/\/www.somospacientes.com\/lar\/wp-json\/wp\/v2\/media?parent=90"}],"wp:term":[{"taxonomy":"category","embeddable":true,"href":"https:\/\/www.somospacientes.com\/lar\/wp-json\/wp\/v2\/categories?post=90"},{"taxonomy":"post_tag","embeddable":true,"href":"https:\/\/www.somospacientes.com\/lar\/wp-json\/wp\/v2\/tags?post=90"},{"taxonomy":"be_disease","embeddable":true,"href":"https:\/\/www.somospacientes.com\/lar\/wp-json\/wp\/v2\/be_disease?post=90"},{"taxonomy":"be_general","embeddable":true,"href":"https:\/\/www.somospacientes.com\/lar\/wp-json\/wp\/v2\/be_general?post=90"},{"taxonomy":"be_media_type","embeddable":true,"href":"https:\/\/www.somospacientes.com\/lar\/wp-json\/wp\/v2\/be_media_type?post=90"}],"curies":[{"name":"wp","href":"https:\/\/api.w.org\/{rel}","templated":true}]}}