{"id":37,"date":"2013-01-17T08:40:54","date_gmt":"2013-01-17T07:40:54","guid":{"rendered":"https:\/\/www.somospacientes.com\/liga-reumatoloxica-galega\/?p=37"},"modified":"2013-01-17T13:17:28","modified_gmt":"2013-01-17T12:17:28","slug":"ley-de-justica-gratuito","status":"publish","type":"post","link":"https:\/\/www.somospacientes.com\/liga-reumatoloxica-galega\/noticias\/sin-categoria\/ley-de-justica-gratuito\/","title":{"rendered":"Ley de Justicia Gratuita"},"content":{"rendered":"<p>El Consejo de Ministros ha aprobado el anteproyecto de Ley de Justicia Gratuita que ampl\u00eda los colectivos que pueden beneficiarse de este servicio sin acreditar la insuficiencia de medios, como son las personas con discapacidad, las v\u00edctimas de violencia de g\u00e9nero, del terrorismo, de la trata de seres humanos y los menores maltratados.<\/p>\n<p>Este anteproyecto eleva los niveles m\u00e1ximos de renta y adem\u00e1s ampl\u00eda los supuestos en lo que se reconoce el derecho a este servicio, con independencia de la situaci\u00f3n econ\u00f3mica del beneficiario. De esta forma, los colectivos citados se benefician cuando sean victimas de situaciones de abuso o maltrato.<\/p>\n<p>El Comit\u00e9 Espa\u00f1ol de Representantes de Personas con Discapacidad (CERMI) , aunque ha apuntado que en l\u00edneas generales, el anteproyecto mantiene la posici\u00f3n favorable respecto a las personas con discapacidad, en relaci\u00f3n con el beneficio que otorgaba la legislaci\u00f3n vigente aprobada en 2006, considera que los t\u00e9rminos del mismo son insuficientes e introducen restricciones a las personas con discapacidad.<\/p>\n<p>El CERMI hace notar que el beneficio que supone para las personas con discapacidad la ampliaci\u00f3n de los umbrales de renta hasta 5 veces el IPREM, queda restringido solo a pleitos que tengan relaci\u00f3n con la discapacidad del beneficiario, cuando en la legislaci\u00f3n vigente se aplica a todo tipo de asuntos, con independencia de que el objeto que lleve a litigar est\u00e9 o no conectado con dicha discapacidad.<\/p>\n<p>Este requisito, inexistente hasta ahora, supone una p\u00e9rdida parcial del derecho, por lo que propondr\u00e1 su eliminaci\u00f3n, planteando mantener el r\u00e9gimen actual, m\u00e1s acorde con la realidad de las personas con discapacidad y sus familias.<\/p>\n<p>Por \u00faltimo, propondr\u00e1 a Justicia que el beneficio del acceso a justicia gratuita sin acreditar la insuficiencia de medios, comprenda todos los litigios de las personas con discapacidad con los que su discapacidad guarde relaci\u00f3n.<\/p>\n","protected":false},"excerpt":{"rendered":"<p>El Consejo de Ministros ha aprobado el anteproyecto de Ley de Justicia Gratuita que ampl\u00eda los colectivos que pueden beneficiarse de este servicio sin acreditar la insuficiencia de medios, como son las personas con discapacidad, las v\u00edctimas de violencia de g\u00e9nero, del terrorismo, de la trata de seres humanos y los menores maltratados. Este anteproyecto [&hellip;]<\/p>\n","protected":false},"author":56,"featured_media":0,"comment_status":"open","ping_status":"open","sticky":false,"template":"","format":"standard","meta":{"_acf_changed":false,"footnotes":""},"categories":[1],"tags":[],"be_disease":[],"be_general":[],"be_media_type":[],"class_list":["post-37","post","type-post","status-publish","format-standard","hentry","category-sin-categoria"],"acf":[],"_links":{"self":[{"href":"https:\/\/www.somospacientes.com\/liga-reumatoloxica-galega\/wp-json\/wp\/v2\/posts\/37","targetHints":{"allow":["GET"]}}],"collection":[{"href":"https:\/\/www.somospacientes.com\/liga-reumatoloxica-galega\/wp-json\/wp\/v2\/posts"}],"about":[{"href":"https:\/\/www.somospacientes.com\/liga-reumatoloxica-galega\/wp-json\/wp\/v2\/types\/post"}],"author":[{"embeddable":true,"href":"https:\/\/www.somospacientes.com\/liga-reumatoloxica-galega\/wp-json\/wp\/v2\/users\/56"}],"replies":[{"embeddable":true,"href":"https:\/\/www.somospacientes.com\/liga-reumatoloxica-galega\/wp-json\/wp\/v2\/comments?post=37"}],"version-history":[{"count":2,"href":"https:\/\/www.somospacientes.com\/liga-reumatoloxica-galega\/wp-json\/wp\/v2\/posts\/37\/revisions"}],"predecessor-version":[{"id":40,"href":"https:\/\/www.somospacientes.com\/liga-reumatoloxica-galega\/wp-json\/wp\/v2\/posts\/37\/revisions\/40"}],"wp:attachment":[{"href":"https:\/\/www.somospacientes.com\/liga-reumatoloxica-galega\/wp-json\/wp\/v2\/media?parent=37"}],"wp:term":[{"taxonomy":"category","embeddable":true,"href":"https:\/\/www.somospacientes.com\/liga-reumatoloxica-galega\/wp-json\/wp\/v2\/categories?post=37"},{"taxonomy":"post_tag","embeddable":true,"href":"https:\/\/www.somospacientes.com\/liga-reumatoloxica-galega\/wp-json\/wp\/v2\/tags?post=37"},{"taxonomy":"be_disease","embeddable":true,"href":"https:\/\/www.somospacientes.com\/liga-reumatoloxica-galega\/wp-json\/wp\/v2\/be_disease?post=37"},{"taxonomy":"be_general","embeddable":true,"href":"https:\/\/www.somospacientes.com\/liga-reumatoloxica-galega\/wp-json\/wp\/v2\/be_general?post=37"},{"taxonomy":"be_media_type","embeddable":true,"href":"https:\/\/www.somospacientes.com\/liga-reumatoloxica-galega\/wp-json\/wp\/v2\/be_media_type?post=37"}],"curies":[{"name":"wp","href":"https:\/\/api.w.org\/{rel}","templated":true}]}}